{"id":89069,"date":"2026-08-31T06:39:00","date_gmt":"2026-08-31T12:39:00","guid":{"rendered":"https:\/\/themexicopost.com\/?p=89069"},"modified":"2026-08-31T06:39:03","modified_gmt":"2026-08-31T12:39:03","slug":"mas-de-23-millones-de-estudiantes-regresan-a-las-aulas-en-todo-mexico","status":"publish","type":"post","link":"https:\/\/themexicopost.com\/?p=89069","title":{"rendered":"M\u00e1s de 23 millones de estudiantes regresan a las aulas en todo M\u00e9xico"},"content":{"rendered":"\n<figure class=\"wp-block-pullquote\"><blockquote><p>Arranca el nuevo ciclo escolar en todo el pa\u00eds con acciones coordinadas para garantizar un regreso seguro.<\/p><\/blockquote><\/figure>\n\n\n\n<p class=\"has-drop-cap wp-block-paragraph\">M\u00e1s de 23 millones de ni\u00f1as, ni\u00f1os y adolescentes regresar\u00e1n este lunes a las aulas en las 32 entidades del pa\u00eds para iniciar formalmente el ciclo escolar 2026-2027, inform\u00f3 la Secretar\u00eda de Educaci\u00f3n P\u00fablica (SEP).<br><\/p>\n\n\n\n<p class=\"wp-block-paragraph\">El calendario escolar contempla 185 d\u00edas efectivos de clases para preescolar, primaria y secundaria, con conclusi\u00f3n el 9 de julio de 2027. Para las escuelas normales se establecieron 190 d\u00edas de actividades, por lo que el ciclo concluir\u00e1 el 13 de julio de 2027.<br><\/p>\n\n\n\n<p class=\"wp-block-paragraph\">La SEP se\u00f1al\u00f3 que el nuevo ciclo tiene como objetivo fortalecer la transformaci\u00f3n educativa, garantizar el acceso a la ense\u00f1anza y atender las necesidades de las comunidades escolares. En este proceso tambi\u00e9n se contempla la participaci\u00f3n de madres, padres y tutores para acompa\u00f1ar el desarrollo acad\u00e9mico de las y los estudiantes.<br><\/p>\n\n\n\n<p class=\"wp-block-paragraph\">En la Ciudad de M\u00e9xico, el regreso a las aulas estar\u00e1 acompa\u00f1ado por un operativo de seguridad con 15 mil elementos de la Secretar\u00eda de Seguridad Ciudadana, quienes reforzar\u00e1n la vigilancia en planteles educativos, vialidades y puntos estrat\u00e9gicos de transporte p\u00fablico.<br><\/p>\n\n\n\n<p class=\"wp-block-paragraph\">El dispositivo contempla presencia policial en estaciones del Metro, Metrob\u00fas, Tren Ligero y Centros de Transferencia Modal (CETRAM), adem\u00e1s de vigilancia a\u00e9rea mediante helic\u00f3pteros.<br><\/p>\n\n\n\n<p class=\"wp-block-paragraph\">El retorno de millones de estudiantes tambi\u00e9n incrementar\u00e1 la movilidad en la Zona Metropolitana del Valle de M\u00e9xico, por lo que se recomienda a la poblaci\u00f3n anticipar sus tiempos de traslado. Este lunes permanecer\u00e1 vigente el programa Hoy No Circula para veh\u00edculos con engomado amarillo y terminaci\u00f3n de placas 5 y 6.<br><\/p>\n\n\n\n<p class=\"wp-block-paragraph\">El calendario escolar establece como primeros d\u00edas de suspensi\u00f3n de actividades el 16 de septiembre, por la conmemoraci\u00f3n de la Independencia de M\u00e9xico, as\u00ed como el 2 y 16 de noviembre, por las celebraciones de D\u00eda de Muertos y la conmemoraci\u00f3n de la Revoluci\u00f3n Mexicana.<br><\/p>\n\n\n\n<p class=\"wp-block-paragraph\">El periodo vacacional de invierno est\u00e1 programado del 21 de diciembre de 2026 al 5 de enero de 2027, de acuerdo con el calendario oficial de educaci\u00f3n b\u00e1sica.<br><\/p>\n\n\n\n<p class=\"wp-block-paragraph\">Con el inicio del ciclo escolar, autoridades educativas de los tres \u00f3rdenes de gobierno reforzar\u00e1n la coordinaci\u00f3n para garantizar que las comunidades escolares tengan un regreso seguro, ordenado y en condiciones adecuadas para el aprendizaje.<\/p>\n","protected":false},"excerpt":{"rendered":"<p>Arranca el nuevo ciclo escolar en todo el pa\u00eds con acciones coordinadas para garantizar un regreso seguro. M\u00e1s de 23 millones de ni\u00f1as, ni\u00f1os y adolescentes regresar\u00e1n este lunes a las aulas en las 32 entidades del pa\u00eds para iniciar formalmente el ciclo escolar 2026-2027, inform\u00f3 la Secretar\u00eda de Educaci\u00f3n P\u00fablica (SEP). El calendario escolar [&hellip;]<\/p>\n","protected":false},"author":1,"featured_media":89073,"comment_status":"closed","ping_status":"closed","sticky":false,"template":"","format":"standard","meta":{"footnotes":""},"categories":[83,81],"tags":[],"class_list":["post-89069","post","type-post","status-publish","format-standard","has-post-thumbnail","hentry","category-destacado","category-nacional"],"_links":{"self":[{"href":"https:\/\/themexicopost.com\/index.php?rest_route=\/wp\/v2\/posts\/89069","targetHints":{"allow":["GET"]}}],"collection":[{"href":"https:\/\/themexicopost.com\/index.php?rest_route=\/wp\/v2\/posts"}],"about":[{"href":"https:\/\/themexicopost.com\/index.php?rest_route=\/wp\/v2\/types\/post"}],"author":[{"embeddable":true,"href":"https:\/\/themexicopost.com\/index.php?rest_route=\/wp\/v2\/users\/1"}],"replies":[{"embeddable":true,"href":"https:\/\/themexicopost.com\/index.php?rest_route=%2Fwp%2Fv2%2Fcomments&post=89069"}],"version-history":[{"count":1,"href":"https:\/\/themexicopost.com\/index.php?rest_route=\/wp\/v2\/posts\/89069\/revisions"}],"predecessor-version":[{"id":89074,"href":"https:\/\/themexicopost.com\/index.php?rest_route=\/wp\/v2\/posts\/89069\/revisions\/89074"}],"wp:featuredmedia":[{"embeddable":true,"href":"https:\/\/themexicopost.com\/index.php?rest_route=\/wp\/v2\/media\/89073"}],"wp:attachment":[{"href":"https:\/\/themexicopost.com\/index.php?rest_route=%2Fwp%2Fv2%2Fmedia&parent=89069"}],"wp:term":[{"taxonomy":"category","embeddable":true,"href":"https:\/\/themexicopost.com\/index.php?rest_route=%2Fwp%2Fv2%2Fcategories&post=89069"},{"taxonomy":"post_tag","embeddable":true,"href":"https:\/\/themexicopost.com\/index.php?rest_route=%2Fwp%2Fv2%2Ftags&post=89069"}],"curies":[{"name":"wp","href":"https:\/\/api.w.org\/{rel}","templated":true}]}}