{"id":89097,"date":"2026-08-31T06:59:58","date_gmt":"2026-08-31T12:59:58","guid":{"rendered":"https:\/\/themexicopost.com\/?p=89097"},"modified":"2026-08-31T07:00:00","modified_gmt":"2026-08-31T13:00:00","slug":"tiroteo-sacude-un-rave-en-suiza-una-joven-muere-y-cinco-personas-resultan-heridas","status":"publish","type":"post","link":"https:\/\/themexicopost.com\/?p=89097","title":{"rendered":"Tiroteo sacude un rave en Suiza: una joven muere y cinco personas resultan heridas"},"content":{"rendered":"\n<figure class=\"wp-block-pullquote\"><blockquote><p>El ataque ocurri\u00f3 durante un festival de m\u00fasica electr\u00f3nica en Aarau; el presunto agresor permanece pr\u00f3fugo y las autoridades mantienen un amplio operativo de b\u00fasqueda.<\/p><\/blockquote><\/figure>\n\n\n\n<p class=\"has-drop-cap wp-block-paragraph\">Una mujer de 22 a\u00f1os muri\u00f3 y otras cinco personas resultaron heridas tras un tiroteo registrado durante la madrugada de este domingo en un rave de m\u00fasica electr\u00f3nica en la ciudad de Aarau, en el norte de Suiza.<br><\/p>\n\n\n\n<p class=\"wp-block-paragraph\">La polic\u00eda del cant\u00f3n de Argovia inform\u00f3 que el responsable permanece pr\u00f3fugo y que hasta el momento se desconocen tanto su identidad como el posible motivo del ataque. Las autoridades mantienen desplegado un operativo para localizarlo.<br><\/p>\n\n\n\n<p class=\"wp-block-paragraph\">Los otros cinco afectados \u2014cuatro hombres y una mujer de entre 24 y 27 a\u00f1os\u2014 fueron trasladados a un hospital con heridas de diversa gravedad. Todas las v\u00edctimas son residentes de Suiza.<br><\/p>\n\n\n\n<p class=\"wp-block-paragraph\">El tiroteo ocurri\u00f3 en las inmediaciones del hip\u00f3dromo del distrito de Schachen, donde se celebraba el evento \u201cAarau Rave VOL. 7\u201d. La polic\u00eda recibi\u00f3 el aviso alrededor de las 2:30 de la madrugada y despleg\u00f3 a numerosos agentes, bomberos y equipos de emergencia.<br><\/p>\n\n\n\n<p class=\"wp-block-paragraph\">De acuerdo con medios locales, algunos asistentes inicialmente confundieron las detonaciones con fuegos artificiales, hasta que alguien alert\u00f3 a los presentes y les pidi\u00f3 tirarse al suelo. Tras el incidente, los asistentes que permanec\u00edan en el lugar fueron trasladados a un gimnasio cercano.<br><\/p>\n\n\n\n<p class=\"wp-block-paragraph\">La zona fue acordonada mientras continuaban las investigaciones y la b\u00fasqueda del sospechoso. Incluso elementos de seguridad de la vecina Alemania colaboraron en el operativo.<br><\/p>\n\n\n\n<p class=\"wp-block-paragraph\">Las autoridades solicitaron a los asistentes que cuenten con fotograf\u00edas o videos del momento que los proporcionen para ayudar a esclarecer lo ocurrido.<br><\/p>\n\n\n\n<p class=\"wp-block-paragraph\">El ataque provoc\u00f3 conmoci\u00f3n debido a que los tiroteos en espacios p\u00fablicos son poco frecuentes en Suiza. El club que administra el hip\u00f3dromo expres\u00f3 sus condolencias a las v\u00edctimas y sus familias, mientras el DJ suizo Tekibo, quien participaba en el festival, calific\u00f3 lo ocurrido como \u201cabsolutamente desgarrador\u201d.<br><\/p>\n\n\n\n<p class=\"wp-block-paragraph\">La polic\u00eda contin\u00faa investigando las circunstancias del ataque mientras mantiene abierta la b\u00fasqueda del responsable.<\/p>\n","protected":false},"excerpt":{"rendered":"<p>El ataque ocurri\u00f3 durante un festival de m\u00fasica electr\u00f3nica en Aarau; el presunto agresor permanece pr\u00f3fugo y las autoridades mantienen un amplio operativo de b\u00fasqueda. Una mujer de 22 a\u00f1os muri\u00f3 y otras cinco personas resultaron heridas tras un tiroteo registrado durante la madrugada de este domingo en un rave de m\u00fasica electr\u00f3nica en la [&hellip;]<\/p>\n","protected":false},"author":1,"featured_media":89101,"comment_status":"closed","ping_status":"closed","sticky":false,"template":"","format":"standard","meta":{"footnotes":""},"categories":[80],"tags":[],"class_list":["post-89097","post","type-post","status-publish","format-standard","has-post-thumbnail","hentry","category-mundo"],"_links":{"self":[{"href":"https:\/\/themexicopost.com\/index.php?rest_route=\/wp\/v2\/posts\/89097","targetHints":{"allow":["GET"]}}],"collection":[{"href":"https:\/\/themexicopost.com\/index.php?rest_route=\/wp\/v2\/posts"}],"about":[{"href":"https:\/\/themexicopost.com\/index.php?rest_route=\/wp\/v2\/types\/post"}],"author":[{"embeddable":true,"href":"https:\/\/themexicopost.com\/index.php?rest_route=\/wp\/v2\/users\/1"}],"replies":[{"embeddable":true,"href":"https:\/\/themexicopost.com\/index.php?rest_route=%2Fwp%2Fv2%2Fcomments&post=89097"}],"version-history":[{"count":1,"href":"https:\/\/themexicopost.com\/index.php?rest_route=\/wp\/v2\/posts\/89097\/revisions"}],"predecessor-version":[{"id":89102,"href":"https:\/\/themexicopost.com\/index.php?rest_route=\/wp\/v2\/posts\/89097\/revisions\/89102"}],"wp:featuredmedia":[{"embeddable":true,"href":"https:\/\/themexicopost.com\/index.php?rest_route=\/wp\/v2\/media\/89101"}],"wp:attachment":[{"href":"https:\/\/themexicopost.com\/index.php?rest_route=%2Fwp%2Fv2%2Fmedia&parent=89097"}],"wp:term":[{"taxonomy":"category","embeddable":true,"href":"https:\/\/themexicopost.com\/index.php?rest_route=%2Fwp%2Fv2%2Fcategories&post=89097"},{"taxonomy":"post_tag","embeddable":true,"href":"https:\/\/themexicopost.com\/index.php?rest_route=%2Fwp%2Fv2%2Ftags&post=89097"}],"curies":[{"name":"wp","href":"https:\/\/api.w.org\/{rel}","templated":true}]}}