{"id":89100,"date":"2026-08-31T07:01:10","date_gmt":"2026-08-31T13:01:10","guid":{"rendered":"https:\/\/themexicopost.com\/?p=89100"},"modified":"2026-08-31T07:01:14","modified_gmt":"2026-08-31T13:01:14","slug":"tragedia-en-chipre-ferri-se-hunde-y-deja-al-menos-ocho-muertos","status":"publish","type":"post","link":"https:\/\/themexicopost.com\/?p=89100","title":{"rendered":"Tragedia en Chipre: ferri se hunde y deja al menos ocho muertos"},"content":{"rendered":"\n<figure class=\"wp-block-pullquote\"><blockquote><p>La embarcaci\u00f3n llevaba 267 personas a bordo cuando volc\u00f3 frente a las costas del norte de la isla.<\/p><\/blockquote><\/figure>\n\n\n\n<p class=\"has-drop-cap wp-block-paragraph\">Al menos ocho personas murieron y 17 permanecen desaparecidas tras el naufragio de un ferri de alta velocidad frente a las costas del norte de Chipre, luego de que la embarcaci\u00f3n enfrentara una fuerte tormenta poco despu\u00e9s de salir del puerto de Kyrenia con destino a Turqu\u00eda.<br><\/p>\n\n\n\n<p class=\"wp-block-paragraph\">El buque Filojet, un catamar\u00e1n de 40.5 metros de eslora operado por la compa\u00f1\u00eda turca Filo Denizcilik, transportaba 267 personas: 259 pasajeros y ocho tripulantes. La tripulaci\u00f3n emiti\u00f3 una llamada de emergencia alrededor de las 12:10 horas locales, cuando inform\u00f3 que la nave estaba haciendo agua a unos cinco kil\u00f3metros de la costa.<br><\/p>\n\n\n\n<p class=\"wp-block-paragraph\">Los equipos de emergencia desplegaron cuatro lanchas de la Guardia Costera, dos helic\u00f3pteros, una patrullera, una lancha de asalto y equipos de buceo. Sin embargo, el ferri termin\u00f3 volcando y qued\u00f3 completamente sumergido. M\u00e1s de 200 personas fueron rescatadas con vida, aunque algunas presentaban heridas de diversa gravedad. Las autoridades mantienen las labores de b\u00fasqueda ante el temor de que todav\u00eda haya pasajeros atrapados en el interior de la embarcaci\u00f3n.<br><\/p>\n\n\n\n<figure class=\"wp-block-image size-large\"><img fetchpriority=\"high\" decoding=\"async\" width=\"1024\" height=\"684\" src=\"https:\/\/themexicopost.com\/wp-content\/uploads\/2026\/08\/tragedia-6-1024x684.jpg\" alt=\"\" class=\"wp-image-89105\" srcset=\"https:\/\/themexicopost.com\/wp-content\/uploads\/2026\/08\/tragedia-6-1024x684.jpg 1024w, https:\/\/themexicopost.com\/wp-content\/uploads\/2026\/08\/tragedia-6-300x201.jpg 300w, https:\/\/themexicopost.com\/wp-content\/uploads\/2026\/08\/tragedia-6-768x513.jpg 768w, https:\/\/themexicopost.com\/wp-content\/uploads\/2026\/08\/tragedia-6.jpg 1200w\" sizes=\"(max-width: 1024px) 100vw, 1024px\" \/><\/figure>\n\n\n\n<p class=\"wp-block-paragraph\">Turqu\u00eda tambi\u00e9n reforz\u00f3 el operativo con aeronaves, helic\u00f3pteros, drones y embarcaciones de la Guardia Costera. Est\u00e1 previsto adem\u00e1s el arribo de un buque especializado de la Armada turca, equipado para realizar b\u00fasquedas a profundidades de hasta mil metros.<br><\/p>\n\n\n\n<p class=\"wp-block-paragraph\">El primer ministro de la autoproclamada Rep\u00fablica Turca del Norte de Chipre, \u00dcnal \u00dcstel, calific\u00f3 el accidente como una tragedia de gran magnitud y confirm\u00f3 que el capit\u00e1n del barco y los otros siete integrantes de la tripulaci\u00f3n fueron detenidos mientras se investigan las causas del naufragio.<br><\/p>\n\n\n\n<p class=\"wp-block-paragraph\">El accidente ocurri\u00f3 en una zona mar\u00edtima de aproximadamente 500 metros de profundidad, lo que complica las labores de rescate.<br><\/p>\n\n\n\n<p class=\"wp-block-paragraph\">Chipre permanece dividido desde 1974 entre la Rep\u00fablica de Chipre, reconocida internacionalmente y miembro de la Uni\u00f3n Europea, y la zona norte, controlada por la autoproclamada Rep\u00fablica Turca del Norte de Chipre y reconocida \u00fanicamente por Turqu\u00eda.<\/p>\n","protected":false},"excerpt":{"rendered":"<p>La embarcaci\u00f3n llevaba 267 personas a bordo cuando volc\u00f3 frente a las costas del norte de la isla. Al menos ocho personas murieron y 17 permanecen desaparecidas tras el naufragio de un ferri de alta velocidad frente a las costas del norte de Chipre, luego de que la embarcaci\u00f3n enfrentara una fuerte tormenta poco despu\u00e9s [&hellip;]<\/p>\n","protected":false},"author":1,"featured_media":89104,"comment_status":"closed","ping_status":"closed","sticky":false,"template":"","format":"standard","meta":{"footnotes":""},"categories":[83,80],"tags":[],"class_list":["post-89100","post","type-post","status-publish","format-standard","has-post-thumbnail","hentry","category-destacado","category-mundo"],"_links":{"self":[{"href":"https:\/\/themexicopost.com\/index.php?rest_route=\/wp\/v2\/posts\/89100","targetHints":{"allow":["GET"]}}],"collection":[{"href":"https:\/\/themexicopost.com\/index.php?rest_route=\/wp\/v2\/posts"}],"about":[{"href":"https:\/\/themexicopost.com\/index.php?rest_route=\/wp\/v2\/types\/post"}],"author":[{"embeddable":true,"href":"https:\/\/themexicopost.com\/index.php?rest_route=\/wp\/v2\/users\/1"}],"replies":[{"embeddable":true,"href":"https:\/\/themexicopost.com\/index.php?rest_route=%2Fwp%2Fv2%2Fcomments&post=89100"}],"version-history":[{"count":1,"href":"https:\/\/themexicopost.com\/index.php?rest_route=\/wp\/v2\/posts\/89100\/revisions"}],"predecessor-version":[{"id":89106,"href":"https:\/\/themexicopost.com\/index.php?rest_route=\/wp\/v2\/posts\/89100\/revisions\/89106"}],"wp:featuredmedia":[{"embeddable":true,"href":"https:\/\/themexicopost.com\/index.php?rest_route=\/wp\/v2\/media\/89104"}],"wp:attachment":[{"href":"https:\/\/themexicopost.com\/index.php?rest_route=%2Fwp%2Fv2%2Fmedia&parent=89100"}],"wp:term":[{"taxonomy":"category","embeddable":true,"href":"https:\/\/themexicopost.com\/index.php?rest_route=%2Fwp%2Fv2%2Fcategories&post=89100"},{"taxonomy":"post_tag","embeddable":true,"href":"https:\/\/themexicopost.com\/index.php?rest_route=%2Fwp%2Fv2%2Ftags&post=89100"}],"curies":[{"name":"wp","href":"https:\/\/api.w.org\/{rel}","templated":true}]}}