{"id":89103,"date":"2026-08-31T07:04:37","date_gmt":"2026-08-31T13:04:37","guid":{"rendered":"https:\/\/themexicopost.com\/?p=89103"},"modified":"2026-08-31T07:04:39","modified_gmt":"2026-08-31T13:04:39","slug":"argelia-amenaza-con-pena-de-muerte-a-quienes-provoquen-incendios-forestales","status":"publish","type":"post","link":"https:\/\/themexicopost.com\/?p=89103","title":{"rendered":"Argelia amenaza con pena de muerte a quienes provoquen incendios forestales"},"content":{"rendered":"\n<figure class=\"wp-block-pullquote\"><blockquote><p>El presidente orden\u00f3 modificar el C\u00f3digo Penal tras una ola de incendios que dej\u00f3 al menos 12 muertos y decenas de heridos en el norte y este del pa\u00eds.<\/p><\/blockquote><\/figure>\n\n\n\n<p class=\"has-drop-cap wp-block-paragraph\">El presidente de Argelia, Abdelmadjid Tebboune, anunci\u00f3 que buscar\u00e1 restablecer la aplicaci\u00f3n de la pena de muerte contra las personas condenadas por provocar incendios forestales, luego de una serie de siniestros que han dejado al menos 12 personas muertas y decenas de heridos.<br><\/p>\n\n\n\n<p class=\"wp-block-paragraph\">Durante una reuni\u00f3n dedicada a atender la emergencia, el mandatario orden\u00f3 al ministro de Justicia presentar, antes del 15 de septiembre, una propuesta para modificar el C\u00f3digo Penal y permitir nuevamente la aplicaci\u00f3n de la pena capital en estos casos.<br><\/p>\n\n\n\n<p class=\"wp-block-paragraph\">\u201cRestablecemos la condena a muerte para los pir\u00f3manos\u201d, afirm\u00f3 Tebboune, quien pidi\u00f3 que la iniciativa sea presentada primero ante el gobierno y posteriormente enviada al Parlamento para su an\u00e1lisis.<br><\/p>\n\n\n\n<p class=\"wp-block-paragraph\">Aunque la pena de muerte contin\u00faa contemplada legalmente en Argelia, existe una moratoria para las ejecuciones desde 1993. El presidente sostuvo que, en caso de aprobarse la modificaci\u00f3n, las condenas podr\u00edan ejecutarse una vez que los sentenciados hayan agotado todas las instancias de apelaci\u00f3n.<br><\/p>\n\n\n\n<figure class=\"wp-block-image size-large\"><img fetchpriority=\"high\" decoding=\"async\" width=\"1024\" height=\"684\" src=\"https:\/\/themexicopost.com\/wp-content\/uploads\/2026\/08\/argelia-2-1024x684.jpg\" alt=\"\" class=\"wp-image-89109\" srcset=\"https:\/\/themexicopost.com\/wp-content\/uploads\/2026\/08\/argelia-2-1024x684.jpg 1024w, https:\/\/themexicopost.com\/wp-content\/uploads\/2026\/08\/argelia-2-300x201.jpg 300w, https:\/\/themexicopost.com\/wp-content\/uploads\/2026\/08\/argelia-2-768x513.jpg 768w, https:\/\/themexicopost.com\/wp-content\/uploads\/2026\/08\/argelia-2.jpg 1200w\" sizes=\"(max-width: 1024px) 100vw, 1024px\" \/><\/figure>\n\n\n\n<p class=\"wp-block-paragraph\">La decisi\u00f3n llega despu\u00e9s de que diversos incendios forestales azotaran regiones del norte y este del pa\u00eds, provocando una fuerte conmoci\u00f3n nacional. El gobierno decret\u00f3 tres d\u00edas de duelo oficial y suspendi\u00f3 actividades culturales y competencias deportivas como muestra de respeto a las v\u00edctimas.<br><\/p>\n\n\n\n<p class=\"wp-block-paragraph\">Las autoridades han detenido a varias personas sospechosas de haber provocado algunos de los incendios, aunque las investigaciones contin\u00faan para determinar las causas y responsabilidades en cada caso.<br><\/p>\n\n\n\n<p class=\"wp-block-paragraph\">Las llamas fueron favorecidas por altas temperaturas, fuertes vientos y condiciones de sequ\u00eda, factores que incrementan el riesgo de incendios forestales y que se han vuelto m\u00e1s frecuentes e intensos en distintas regiones del Mediterr\u00e1neo.<br><\/p>\n\n\n\n<p class=\"wp-block-paragraph\">La propuesta de Tebboune abre ahora un debate pol\u00edtico y jur\u00eddico sobre el restablecimiento de las ejecuciones en Argelia, mientras los equipos de emergencia contin\u00faan atendiendo las zonas afectadas y las autoridades investigan el origen de los incendios.<\/p>\n","protected":false},"excerpt":{"rendered":"<p>El presidente orden\u00f3 modificar el C\u00f3digo Penal tras una ola de incendios que dej\u00f3 al menos 12 muertos y decenas de heridos en el norte y este del pa\u00eds. El presidente de Argelia, Abdelmadjid Tebboune, anunci\u00f3 que buscar\u00e1 restablecer la aplicaci\u00f3n de la pena de muerte contra las personas condenadas por provocar incendios forestales, luego [&hellip;]<\/p>\n","protected":false},"author":1,"featured_media":89108,"comment_status":"closed","ping_status":"closed","sticky":false,"template":"","format":"standard","meta":{"footnotes":""},"categories":[80],"tags":[],"class_list":["post-89103","post","type-post","status-publish","format-standard","has-post-thumbnail","hentry","category-mundo"],"_links":{"self":[{"href":"https:\/\/themexicopost.com\/index.php?rest_route=\/wp\/v2\/posts\/89103","targetHints":{"allow":["GET"]}}],"collection":[{"href":"https:\/\/themexicopost.com\/index.php?rest_route=\/wp\/v2\/posts"}],"about":[{"href":"https:\/\/themexicopost.com\/index.php?rest_route=\/wp\/v2\/types\/post"}],"author":[{"embeddable":true,"href":"https:\/\/themexicopost.com\/index.php?rest_route=\/wp\/v2\/users\/1"}],"replies":[{"embeddable":true,"href":"https:\/\/themexicopost.com\/index.php?rest_route=%2Fwp%2Fv2%2Fcomments&post=89103"}],"version-history":[{"count":1,"href":"https:\/\/themexicopost.com\/index.php?rest_route=\/wp\/v2\/posts\/89103\/revisions"}],"predecessor-version":[{"id":89110,"href":"https:\/\/themexicopost.com\/index.php?rest_route=\/wp\/v2\/posts\/89103\/revisions\/89110"}],"wp:featuredmedia":[{"embeddable":true,"href":"https:\/\/themexicopost.com\/index.php?rest_route=\/wp\/v2\/media\/89108"}],"wp:attachment":[{"href":"https:\/\/themexicopost.com\/index.php?rest_route=%2Fwp%2Fv2%2Fmedia&parent=89103"}],"wp:term":[{"taxonomy":"category","embeddable":true,"href":"https:\/\/themexicopost.com\/index.php?rest_route=%2Fwp%2Fv2%2Fcategories&post=89103"},{"taxonomy":"post_tag","embeddable":true,"href":"https:\/\/themexicopost.com\/index.php?rest_route=%2Fwp%2Fv2%2Ftags&post=89103"}],"curies":[{"name":"wp","href":"https:\/\/api.w.org\/{rel}","templated":true}]}}