{"id":89111,"date":"2026-08-31T07:06:47","date_gmt":"2026-08-31T13:06:47","guid":{"rendered":"https:\/\/themexicopost.com\/?p=89111"},"modified":"2026-08-31T07:06:49","modified_gmt":"2026-08-31T13:06:49","slug":"islandia-dice-no-a-europa-y-congela-su-regreso-a-la-union-europea","status":"publish","type":"post","link":"https:\/\/themexicopost.com\/?p=89111","title":{"rendered":"Islandia dice \u201cNo\u201d a Europa y congela su regreso a la Uni\u00f3n Europea"},"content":{"rendered":"\n<figure class=\"wp-block-pullquote\"><blockquote><p>El rechazo a reanudar las negociaciones con Bruselas obtuvo 52.8% de los votos, en una consulta marcada por la preocupaci\u00f3n sobre el futuro de la industria pesquera.<\/p><\/blockquote><\/figure>\n\n\n\n<p class=\"has-drop-cap wp-block-paragraph\">Islandia rechaz\u00f3 la posibilidad de reanudar las negociaciones para ingresar a la Uni\u00f3n Europea, luego de que el \u201cNo\u201d se impusiera con 52.8% de los votos en un refer\u00e9ndum que registr\u00f3 una participaci\u00f3n de 82.5%, una de las m\u00e1s altas de los \u00faltimos a\u00f1os.<br><\/p>\n\n\n\n<p class=\"wp-block-paragraph\">De acuerdo con los resultados definitivos, 118 mil 40 ciudadanos votaron en contra de retomar el proceso de adhesi\u00f3n, frente a 105 mil 399 que respaldaron la opci\u00f3n favorable, equivalente a 47.2%.<br><\/p>\n\n\n\n<p class=\"wp-block-paragraph\">El resultado representa un rev\u00e9s para el gobierno de la primera ministra Kristr\u00fan Frostad\u00f3ttir, que hab\u00eda impulsado la consulta junto con el ministro de Econom\u00eda, Da\u00f0i M\u00e1r Krist\u00f3fersson. Ambos defend\u00edan la posibilidad de regresar a la mesa de negociaciones con Bruselas, aunque con garant\u00edas para proteger los intereses de Islandia.<br><\/p>\n\n\n\n<p class=\"wp-block-paragraph\">Uno de los principales puntos de preocupaci\u00f3n fue la pol\u00edtica pesquera com\u00fan de la Uni\u00f3n Europea, debido al peso que tiene esta actividad en la econom\u00eda islandesa y particularmente en las comunidades costeras y rurales.<br><\/p>\n\n\n\n<p class=\"wp-block-paragraph\">Islandia inici\u00f3 negociaciones para incorporarse al bloque europeo en 2010, pero el proceso qued\u00f3 suspendido tres a\u00f1os despu\u00e9s. Entre las principales diferencias estuvieron precisamente las condiciones relacionadas con la pesca y el control de los recursos mar\u00edtimos.<br><\/p>\n\n\n\n<p class=\"wp-block-paragraph\">Tras conocer los resultados, Frostad\u00f3ttir reconoci\u00f3 que el tema qued\u00f3 pr\u00e1cticamente cerrado durante su administraci\u00f3n y asegur\u00f3 que la adhesi\u00f3n no avanzar\u00e1 mientras permanezca al frente del gobierno. Las pr\u00f3ximas elecciones parlamentarias est\u00e1n previstas para 2028, salvo que se convoquen antes.<br><\/p>\n\n\n\n<p class=\"wp-block-paragraph\">La primera ministra tambi\u00e9n llam\u00f3 a evitar divisiones en la sociedad y prometi\u00f3 atender las preocupaciones de las comunidades pesqueras, donde el rechazo a retomar las negociaciones con la UE tuvo especial fuerza.<br><\/p>\n\n\n\n<p class=\"wp-block-paragraph\">Pese a la derrota de la opci\u00f3n favorable a Bruselas, Frostad\u00f3ttir destac\u00f3 la elevada participaci\u00f3n ciudadana y consider\u00f3 que el refer\u00e9ndum permiti\u00f3 elevar el nivel del debate sobre la relaci\u00f3n de Islandia con Europa.<br><\/p>\n\n\n\n<p class=\"wp-block-paragraph\">El resultado deja a Islandia fuera de cualquier nuevo proceso inmediato de adhesi\u00f3n y confirma que, al menos por ahora, una mayor\u00eda de sus ciudadanos prefiere mantener distancia de la Uni\u00f3n Europea.<\/p>\n","protected":false},"excerpt":{"rendered":"<p>El rechazo a reanudar las negociaciones con Bruselas obtuvo 52.8% de los votos, en una consulta marcada por la preocupaci\u00f3n sobre el futuro de la industria pesquera. Islandia rechaz\u00f3 la posibilidad de reanudar las negociaciones para ingresar a la Uni\u00f3n Europea, luego de que el \u201cNo\u201d se impusiera con 52.8% de los votos en un [&hellip;]<\/p>\n","protected":false},"author":1,"featured_media":89115,"comment_status":"closed","ping_status":"closed","sticky":false,"template":"","format":"standard","meta":{"footnotes":""},"categories":[80],"tags":[],"class_list":["post-89111","post","type-post","status-publish","format-standard","has-post-thumbnail","hentry","category-mundo"],"_links":{"self":[{"href":"https:\/\/themexicopost.com\/index.php?rest_route=\/wp\/v2\/posts\/89111","targetHints":{"allow":["GET"]}}],"collection":[{"href":"https:\/\/themexicopost.com\/index.php?rest_route=\/wp\/v2\/posts"}],"about":[{"href":"https:\/\/themexicopost.com\/index.php?rest_route=\/wp\/v2\/types\/post"}],"author":[{"embeddable":true,"href":"https:\/\/themexicopost.com\/index.php?rest_route=\/wp\/v2\/users\/1"}],"replies":[{"embeddable":true,"href":"https:\/\/themexicopost.com\/index.php?rest_route=%2Fwp%2Fv2%2Fcomments&post=89111"}],"version-history":[{"count":1,"href":"https:\/\/themexicopost.com\/index.php?rest_route=\/wp\/v2\/posts\/89111\/revisions"}],"predecessor-version":[{"id":89116,"href":"https:\/\/themexicopost.com\/index.php?rest_route=\/wp\/v2\/posts\/89111\/revisions\/89116"}],"wp:featuredmedia":[{"embeddable":true,"href":"https:\/\/themexicopost.com\/index.php?rest_route=\/wp\/v2\/media\/89115"}],"wp:attachment":[{"href":"https:\/\/themexicopost.com\/index.php?rest_route=%2Fwp%2Fv2%2Fmedia&parent=89111"}],"wp:term":[{"taxonomy":"category","embeddable":true,"href":"https:\/\/themexicopost.com\/index.php?rest_route=%2Fwp%2Fv2%2Fcategories&post=89111"},{"taxonomy":"post_tag","embeddable":true,"href":"https:\/\/themexicopost.com\/index.php?rest_route=%2Fwp%2Fv2%2Ftags&post=89111"}],"curies":[{"name":"wp","href":"https:\/\/api.w.org\/{rel}","templated":true}]}}