{"id":89114,"date":"2026-08-31T07:07:41","date_gmt":"2026-08-31T13:07:41","guid":{"rendered":"https:\/\/themexicopost.com\/?p=89114"},"modified":"2026-08-31T07:07:45","modified_gmt":"2026-08-31T13:07:45","slug":"tuvalu-enfrenta-una-cuenta-regresiva-el-cambio-climatico-ya-obliga-a-sus-habitantes-a-emigrar","status":"publish","type":"post","link":"https:\/\/themexicopost.com\/?p=89114","title":{"rendered":"Tuvalu enfrenta una cuenta regresiva: el cambio clim\u00e1tico ya obliga a sus habitantes a emigrar"},"content":{"rendered":"\n<figure class=\"wp-block-pullquote\"><blockquote><p>El peque\u00f1o pa\u00eds del Pac\u00edfico podr\u00eda perder buena parte de su territorio por el aumento del nivel del mar.<\/p><\/blockquote><\/figure>\n\n\n\n<p class=\"has-drop-cap wp-block-paragraph\">En medio del oc\u00e9ano Pac\u00edfico, entre Australia y Haw\u00e1i, se encuentra Tuvalu, uno de los pa\u00edses m\u00e1s peque\u00f1os y vulnerables del planeta frente al cambio clim\u00e1tico. Sus apenas 26 kil\u00f3metros cuadrados de territorio, distribuidos en nueve atolones, albergan a unas 11 mil personas que enfrentan una amenaza cada vez m\u00e1s concreta: el avance del mar.<br><\/p>\n\n\n\n<p class=\"wp-block-paragraph\">La situaci\u00f3n es especialmente delicada en Funafuti, la principal isla y capital del pa\u00eds, donde amplias zonas se encuentran a escasa altura sobre el nivel del oc\u00e9ano. El incremento del nivel del mar, combinado con tormentas y mareas extremas, amenaza con volver inhabitables algunas de sus \u00e1reas durante las pr\u00f3ximas d\u00e9cadas.<br><\/p>\n\n\n\n<p class=\"wp-block-paragraph\">De acuerdo con mediciones citadas por la NASA, el nivel del mar alrededor de Tuvalu aument\u00f3 aproximadamente 15 cent\u00edmetros en los \u00faltimos 30 a\u00f1os, un ritmo superior al promedio mundial. Diversas proyecciones advierten que para 2050 una parte considerable de su superficie podr\u00eda sufrir inundaciones permanentes o peri\u00f3dicas.<br><\/p>\n\n\n\n<p class=\"wp-block-paragraph\">Ante este panorama, Tuvalu comenz\u00f3 a prepararse para un escenario que hasta hace pocos a\u00f1os parec\u00eda inimaginable: la migraci\u00f3n de una parte importante de su poblaci\u00f3n debido a la p\u00e9rdida de habitabilidad de su territorio.<br><\/p>\n\n\n\n<p class=\"wp-block-paragraph\">En noviembre de 2023, Tuvalu y Australia establecieron el acuerdo Falepili Union, mediante el cual ciudadanos tuvaluanos pueden solicitar visas para residir permanentemente en territorio australiano. El programa contempla inicialmente 280 visas por a\u00f1o, aunque la demanda ha superado ampliamente las expectativas.<br><\/p>\n\n\n\n<p class=\"wp-block-paragraph\">Seg\u00fan las cifras proporcionadas, miles de tuvaluanos han solicitado acogerse al mecanismo migratorio, una muestra de la preocupaci\u00f3n existente entre la poblaci\u00f3n ante el futuro de las islas. Australia tambi\u00e9n ha planteado ampliar el n\u00famero de personas que podr\u00eda recibir anualmente si la demanda contin\u00faa creciendo.<br><\/p>\n\n\n\n<p class=\"wp-block-paragraph\">El riesgo no se limita a la p\u00e9rdida de territorio. Para Tuvalu, el desplazamiento de su poblaci\u00f3n tambi\u00e9n representa una amenaza para su lengua, tradiciones, canciones, costumbres y formas de vida, elementos que durante generaciones han estado estrechamente vinculados con sus islas.<br><\/p>\n\n\n\n<p class=\"wp-block-paragraph\">Por ello, el gobierno tuvaluano trabaja en la preservaci\u00f3n digital de su patrimonio cultural, con la intenci\u00f3n de crear una especie de \u201cmuseo virtual\u201d que permita conservar la memoria de la naci\u00f3n incluso si una parte importante de su poblaci\u00f3n termina viviendo fuera del archipi\u00e9lago.<br><\/p>\n\n\n\n<p class=\"wp-block-paragraph\">Mientras Tuvalu construye nuevas superficies elevadas para proteger a sus habitantes y preservar espacios habitables, el pa\u00eds se ha convertido en uno de los ejemplos m\u00e1s visibles de las consecuencias del cambio clim\u00e1tico: una naci\u00f3n que no quiere desaparecer, pero que ya se prepara para un futuro en el que parte de su poblaci\u00f3n podr\u00eda verse obligada a vivir lejos de su tierra.<\/p>\n","protected":false},"excerpt":{"rendered":"<p>El peque\u00f1o pa\u00eds del Pac\u00edfico podr\u00eda perder buena parte de su territorio por el aumento del nivel del mar. En medio del oc\u00e9ano Pac\u00edfico, entre Australia y Haw\u00e1i, se encuentra Tuvalu, uno de los pa\u00edses m\u00e1s peque\u00f1os y vulnerables del planeta frente al cambio clim\u00e1tico. Sus apenas 26 kil\u00f3metros cuadrados de territorio, distribuidos en nueve [&hellip;]<\/p>\n","protected":false},"author":1,"featured_media":89118,"comment_status":"closed","ping_status":"closed","sticky":false,"template":"","format":"standard","meta":{"footnotes":""},"categories":[83,80],"tags":[],"class_list":["post-89114","post","type-post","status-publish","format-standard","has-post-thumbnail","hentry","category-destacado","category-mundo"],"_links":{"self":[{"href":"https:\/\/themexicopost.com\/index.php?rest_route=\/wp\/v2\/posts\/89114","targetHints":{"allow":["GET"]}}],"collection":[{"href":"https:\/\/themexicopost.com\/index.php?rest_route=\/wp\/v2\/posts"}],"about":[{"href":"https:\/\/themexicopost.com\/index.php?rest_route=\/wp\/v2\/types\/post"}],"author":[{"embeddable":true,"href":"https:\/\/themexicopost.com\/index.php?rest_route=\/wp\/v2\/users\/1"}],"replies":[{"embeddable":true,"href":"https:\/\/themexicopost.com\/index.php?rest_route=%2Fwp%2Fv2%2Fcomments&post=89114"}],"version-history":[{"count":1,"href":"https:\/\/themexicopost.com\/index.php?rest_route=\/wp\/v2\/posts\/89114\/revisions"}],"predecessor-version":[{"id":89119,"href":"https:\/\/themexicopost.com\/index.php?rest_route=\/wp\/v2\/posts\/89114\/revisions\/89119"}],"wp:featuredmedia":[{"embeddable":true,"href":"https:\/\/themexicopost.com\/index.php?rest_route=\/wp\/v2\/media\/89118"}],"wp:attachment":[{"href":"https:\/\/themexicopost.com\/index.php?rest_route=%2Fwp%2Fv2%2Fmedia&parent=89114"}],"wp:term":[{"taxonomy":"category","embeddable":true,"href":"https:\/\/themexicopost.com\/index.php?rest_route=%2Fwp%2Fv2%2Fcategories&post=89114"},{"taxonomy":"post_tag","embeddable":true,"href":"https:\/\/themexicopost.com\/index.php?rest_route=%2Fwp%2Fv2%2Ftags&post=89114"}],"curies":[{"name":"wp","href":"https:\/\/api.w.org\/{rel}","templated":true}]}}