{"id":89123,"date":"2026-08-31T07:12:01","date_gmt":"2026-08-31T13:12:01","guid":{"rendered":"https:\/\/themexicopost.com\/?p=89123"},"modified":"2026-08-31T07:12:04","modified_gmt":"2026-08-31T13:12:04","slug":"nicolas-maduro-reaparece-en-fotos-desde-eua-tras-acuerdo-petrolero-con-venezuela","status":"publish","type":"post","link":"https:\/\/themexicopost.com\/?p=89123","title":{"rendered":"Nicol\u00e1s Maduro reaparece en fotos desde EUA tras acuerdo petrolero con Venezuela"},"content":{"rendered":"\n<figure class=\"wp-block-pullquote\"><blockquote><p>Las cuentas del exmandatario venezolano difundieron im\u00e1genes fechadas en junio, acompa\u00f1adas de un mensaje de \u201camor y esperanza\u201d.<\/p><\/blockquote><\/figure>\n\n\n\n<p class=\"has-drop-cap wp-block-paragraph\">Nicol\u00e1s Maduro reapareci\u00f3 en redes sociales mediante fotograf\u00edas difundidas este domingo en sus cuentas oficiales, en las que aparece vestido con ropa deportiva gris y sonriente. Las im\u00e1genes, fechadas el pasado 25 de junio, fueron presentadas como un \u201cpeque\u00f1o regalo de amor y esperanza\u201d para sus familiares, simpatizantes y el pueblo venezolano.<br><\/p>\n\n\n\n<p class=\"wp-block-paragraph\">\u201cEnv\u00edo estas fotos como un peque\u00f1o regalo a todos mis nietos y nietas, a los ni\u00f1os y ni\u00f1as, y a toda la gente noble que nos ama\u201d, se\u00f1ala el mensaje publicado junto a las fotograf\u00edas, atribuido al exmandatario.<br><\/p>\n\n\n\n<p class=\"wp-block-paragraph\">Las im\u00e1genes fueron replicadas por integrantes del chavismo y por el Partido Socialista Unido de Venezuela (PSUV), adem\u00e1s de ser compartidas por Nicol\u00e1s Maduro Guerra, hijo del exgobernante.<br><\/p>\n\n\n\n<p class=\"wp-block-paragraph\">La reaparici\u00f3n ocurre pocos d\u00edas despu\u00e9s de que Venezuela y Estados Unidos anunciaran un acuerdo petrolero de largo plazo, que contempla una participaci\u00f3n estadounidense sobre una parte importante de las reservas de crudo venezolanas. La administraci\u00f3n interina de Delcy Rodr\u00edguez inform\u00f3 que el convenio tendr\u00e1 una vigencia de 25 a\u00f1os y contempla como objetivo una producci\u00f3n superior a 1.5 millones de barriles diarios.<br><\/p>\n\n\n\n<p class=\"wp-block-paragraph\">Maduro permanece detenido en Estados Unidos y enfrenta acusaciones federales relacionadas con narcoterrorismo, conspiraci\u00f3n para importar coca\u00edna y otros delitos, cargos que ha rechazado. Su esposa, Cilia Flores, tambi\u00e9n se encuentra detenida y enfrenta acusaciones relacionadas con drogas y armas.<br><\/p>\n\n\n\n<p class=\"wp-block-paragraph\">La publicaci\u00f3n de las fotograf\u00edas tambi\u00e9n gener\u00f3 reacciones entre simpatizantes del chavismo, mientras sectores opositores y cr\u00edticos del nuevo acuerdo petrolero cuestionan el acercamiento entre Caracas y Washington.<br><\/p>\n\n\n\n<p class=\"wp-block-paragraph\">El regreso de Maduro a las redes ocurre as\u00ed en medio de un escenario pol\u00edtico radicalmente distinto al que dej\u00f3 tras su captura: mientras su imagen vuelve a circular entre sus seguidores, el gobierno venezolano busca consolidar una nueva relaci\u00f3n con Estados Unidos alrededor del petr\u00f3leo.<\/p>\n","protected":false},"excerpt":{"rendered":"<p>Las cuentas del exmandatario venezolano difundieron im\u00e1genes fechadas en junio, acompa\u00f1adas de un mensaje de \u201camor y esperanza\u201d. Nicol\u00e1s Maduro reapareci\u00f3 en redes sociales mediante fotograf\u00edas difundidas este domingo en sus cuentas oficiales, en las que aparece vestido con ropa deportiva gris y sonriente. Las im\u00e1genes, fechadas el pasado 25 de junio, fueron presentadas como [&hellip;]<\/p>\n","protected":false},"author":1,"featured_media":89127,"comment_status":"closed","ping_status":"closed","sticky":false,"template":"","format":"standard","meta":{"footnotes":""},"categories":[83,80,85],"tags":[],"class_list":["post-89123","post","type-post","status-publish","format-standard","has-post-thumbnail","hentry","category-destacado","category-mundo","category-portada"],"_links":{"self":[{"href":"https:\/\/themexicopost.com\/index.php?rest_route=\/wp\/v2\/posts\/89123","targetHints":{"allow":["GET"]}}],"collection":[{"href":"https:\/\/themexicopost.com\/index.php?rest_route=\/wp\/v2\/posts"}],"about":[{"href":"https:\/\/themexicopost.com\/index.php?rest_route=\/wp\/v2\/types\/post"}],"author":[{"embeddable":true,"href":"https:\/\/themexicopost.com\/index.php?rest_route=\/wp\/v2\/users\/1"}],"replies":[{"embeddable":true,"href":"https:\/\/themexicopost.com\/index.php?rest_route=%2Fwp%2Fv2%2Fcomments&post=89123"}],"version-history":[{"count":1,"href":"https:\/\/themexicopost.com\/index.php?rest_route=\/wp\/v2\/posts\/89123\/revisions"}],"predecessor-version":[{"id":89128,"href":"https:\/\/themexicopost.com\/index.php?rest_route=\/wp\/v2\/posts\/89123\/revisions\/89128"}],"wp:featuredmedia":[{"embeddable":true,"href":"https:\/\/themexicopost.com\/index.php?rest_route=\/wp\/v2\/media\/89127"}],"wp:attachment":[{"href":"https:\/\/themexicopost.com\/index.php?rest_route=%2Fwp%2Fv2%2Fmedia&parent=89123"}],"wp:term":[{"taxonomy":"category","embeddable":true,"href":"https:\/\/themexicopost.com\/index.php?rest_route=%2Fwp%2Fv2%2Fcategories&post=89123"},{"taxonomy":"post_tag","embeddable":true,"href":"https:\/\/themexicopost.com\/index.php?rest_route=%2Fwp%2Fv2%2Ftags&post=89123"}],"curies":[{"name":"wp","href":"https:\/\/api.w.org\/{rel}","templated":true}]}}