{"id":89126,"date":"2026-08-31T07:13:33","date_gmt":"2026-08-31T13:13:33","guid":{"rendered":"https:\/\/themexicopost.com\/?p=89126"},"modified":"2026-08-31T07:13:37","modified_gmt":"2026-08-31T13:13:37","slug":"kim-jong-un-sacude-la-cupula-militar-destituye-a-su-ministro-de-defensa","status":"publish","type":"post","link":"https:\/\/themexicopost.com\/?p=89126","title":{"rendered":"Kim Jong-un sacude la c\u00fapula militar: destituye a su ministro de Defensa"},"content":{"rendered":"\n<figure class=\"wp-block-pullquote\"><blockquote><p>No Kwang-chol fue removido y degradado dentro del r\u00e9gimen, mientras Kim Song-gi asumi\u00f3 el cargo en medio de una amplia reestructuraci\u00f3n.<\/p><\/blockquote><\/figure>\n\n\n\n<p class=\"has-drop-cap wp-block-paragraph\">El l\u00edder de Corea del Norte, Kim Jong-un, orden\u00f3 una importante reorganizaci\u00f3n de la c\u00fapula militar del pa\u00eds, que incluy\u00f3 la destituci\u00f3n del ministro de Defensa, No Kwang-chol, quien adem\u00e1s fue degradado dentro de la jerarqu\u00eda del Partido de los Trabajadores.<br><\/p>\n\n\n\n<p class=\"wp-block-paragraph\">La agencia oficial KCNA inform\u00f3 este domingo que Kim Song-gi, quien hasta ahora se desempe\u00f1aba como director de la Oficina Pol\u00edtica General del Ej\u00e9rcito, fue designado como nuevo ministro de Defensa.<br><\/p>\n\n\n\n<p class=\"wp-block-paragraph\">No Kwang-chol, quien hab\u00eda ocupado nuevamente el cargo desde 2024, fue nombrado primer subdirector del Departamento de Industria de Municiones, una posici\u00f3n de menor rango dentro de la estructura pol\u00edtica y militar del r\u00e9gimen.<br><\/p>\n\n\n\n<p class=\"wp-block-paragraph\">Los cambios fueron aprobados durante una reuni\u00f3n de la Comisi\u00f3n Militar Central del Partido de los Trabajadores, encabezada por Kim Jong-un. De acuerdo con KCNA, la reorganizaci\u00f3n tiene como objetivo contribuir a la construcci\u00f3n de un \u201cEj\u00e9rcito fuerte\u201d.<br><\/p>\n\n\n\n<figure class=\"wp-block-image size-large\"><img fetchpriority=\"high\" decoding=\"async\" width=\"1024\" height=\"684\" src=\"https:\/\/themexicopost.com\/wp-content\/uploads\/2026\/08\/kim-1024x684.jpg\" alt=\"\" class=\"wp-image-89131\" srcset=\"https:\/\/themexicopost.com\/wp-content\/uploads\/2026\/08\/kim-1024x684.jpg 1024w, https:\/\/themexicopost.com\/wp-content\/uploads\/2026\/08\/kim-300x201.jpg 300w, https:\/\/themexicopost.com\/wp-content\/uploads\/2026\/08\/kim-768x513.jpg 768w, https:\/\/themexicopost.com\/wp-content\/uploads\/2026\/08\/kim.jpg 1200w\" sizes=\"(max-width: 1024px) 100vw, 1024px\" \/><\/figure>\n\n\n\n<p class=\"wp-block-paragraph\">Adem\u00e1s del cambio en el Ministerio de Defensa, se realizaron modificaciones en otras posiciones estrat\u00e9gicas de las Fuerzas Armadas norcoreanas. Kim Jong-un tambi\u00e9n sostuvo una reuni\u00f3n con investigadores y cient\u00edficos vinculados al sector de defensa y elogi\u00f3 los avances tecnol\u00f3gicos y militares desarrollados recientemente.<br><\/p>\n\n\n\n<p class=\"wp-block-paragraph\">La reestructuraci\u00f3n ocurre despu\u00e9s de los ejercicios militares Ulchi Freedom Shield, realizados conjuntamente por Corea del Sur y Estados Unidos. Las maniobras provocan habitualmente fuertes cr\u00edticas de Pionyang, que las considera una amenaza para su seguridad.<br><\/p>\n\n\n\n<p class=\"wp-block-paragraph\">Sin embargo, el presidente estadounidense Donald Trump orden\u00f3 reducir los ejercicios y asegur\u00f3 que mantiene una \u201cmuy buena relaci\u00f3n\u201d con Kim Jong-un. El mandatario estadounidense tambi\u00e9n ha expresado su intenci\u00f3n de reunirse nuevamente con el l\u00edder norcoreano antes de que concluya el a\u00f1o.<br><\/p>\n\n\n\n<p class=\"wp-block-paragraph\">El relevo en la cartera de Defensa se produce as\u00ed en un momento de especial atenci\u00f3n sobre la estrategia militar de Pionyang y sus relaciones con Washington y Se\u00fal, mientras Kim Jong-un refuerza el control sobre las principales estructuras de seguridad del r\u00e9gimen.<\/p>\n","protected":false},"excerpt":{"rendered":"<p>No Kwang-chol fue removido y degradado dentro del r\u00e9gimen, mientras Kim Song-gi asumi\u00f3 el cargo en medio de una amplia reestructuraci\u00f3n. El l\u00edder de Corea del Norte, Kim Jong-un, orden\u00f3 una importante reorganizaci\u00f3n de la c\u00fapula militar del pa\u00eds, que incluy\u00f3 la destituci\u00f3n del ministro de Defensa, No Kwang-chol, quien adem\u00e1s fue degradado dentro de [&hellip;]<\/p>\n","protected":false},"author":1,"featured_media":89130,"comment_status":"closed","ping_status":"closed","sticky":false,"template":"","format":"standard","meta":{"footnotes":""},"categories":[83,80,85],"tags":[],"class_list":["post-89126","post","type-post","status-publish","format-standard","has-post-thumbnail","hentry","category-destacado","category-mundo","category-portada"],"_links":{"self":[{"href":"https:\/\/themexicopost.com\/index.php?rest_route=\/wp\/v2\/posts\/89126","targetHints":{"allow":["GET"]}}],"collection":[{"href":"https:\/\/themexicopost.com\/index.php?rest_route=\/wp\/v2\/posts"}],"about":[{"href":"https:\/\/themexicopost.com\/index.php?rest_route=\/wp\/v2\/types\/post"}],"author":[{"embeddable":true,"href":"https:\/\/themexicopost.com\/index.php?rest_route=\/wp\/v2\/users\/1"}],"replies":[{"embeddable":true,"href":"https:\/\/themexicopost.com\/index.php?rest_route=%2Fwp%2Fv2%2Fcomments&post=89126"}],"version-history":[{"count":1,"href":"https:\/\/themexicopost.com\/index.php?rest_route=\/wp\/v2\/posts\/89126\/revisions"}],"predecessor-version":[{"id":89132,"href":"https:\/\/themexicopost.com\/index.php?rest_route=\/wp\/v2\/posts\/89126\/revisions\/89132"}],"wp:featuredmedia":[{"embeddable":true,"href":"https:\/\/themexicopost.com\/index.php?rest_route=\/wp\/v2\/media\/89130"}],"wp:attachment":[{"href":"https:\/\/themexicopost.com\/index.php?rest_route=%2Fwp%2Fv2%2Fmedia&parent=89126"}],"wp:term":[{"taxonomy":"category","embeddable":true,"href":"https:\/\/themexicopost.com\/index.php?rest_route=%2Fwp%2Fv2%2Fcategories&post=89126"},{"taxonomy":"post_tag","embeddable":true,"href":"https:\/\/themexicopost.com\/index.php?rest_route=%2Fwp%2Fv2%2Ftags&post=89126"}],"curies":[{"name":"wp","href":"https:\/\/api.w.org\/{rel}","templated":true}]}}