{"id":89148,"date":"2026-09-01T05:55:26","date_gmt":"2026-09-01T11:55:26","guid":{"rendered":"https:\/\/themexicopost.com\/?p=89148"},"modified":"2026-09-01T05:55:27","modified_gmt":"2026-09-01T11:55:27","slug":"messi-dice-adios-a-la-seleccion-albiceleste-tras-21-anos","status":"publish","type":"post","link":"https:\/\/themexicopost.com\/?p=89148","title":{"rendered":"Messi dice adi\u00f3s a la selecci\u00f3n albiceleste tras 21 a\u00f1os"},"content":{"rendered":"\n<figure class=\"wp-block-pullquote\"><blockquote><p>El argentino confirm\u00f3 su retiro despu\u00e9s de su \u00faltima aparici\u00f3n en la final del Mundial 2026 ante Espa\u00f1a.<\/p><\/blockquote><\/figure>\n\n\n\n<p class=\"has-drop-cap wp-block-paragraph\">Lionel Messi puso punto final a una de las etapas m\u00e1s importantes de su carrera al anunciar este lunes 31 de agosto su retiro de la Selecci\u00f3n Argentina. A los 39 a\u00f1os, el capit\u00e1n de la Albiceleste decidi\u00f3 cerrar su ciclo internacional despu\u00e9s de m\u00e1s de dos d\u00e9cadas defendiendo los colores de su pa\u00eds.<br><\/p>\n\n\n\n<p class=\"wp-block-paragraph\">El anuncio fue realizado a trav\u00e9s de sus redes sociales, donde Messi explic\u00f3 que lleg\u00f3 el momento de dar paso a una nueva generaci\u00f3n de futbolistas. \u201cMe vaci\u00e9, ya no tengo m\u00e1s para dar y aparte vienen chicos muy grandes atr\u00e1s que merecen estar\u201d, se\u00f1al\u00f3 el delantero.<br><\/p>\n\n\n\n<p class=\"wp-block-paragraph\">La despedida llega despu\u00e9s de su participaci\u00f3n en el Mundial 2026, torneo en el que Argentina alcanz\u00f3 nuevamente la final, aunque termin\u00f3 cayendo 1-0 ante Espa\u00f1a el pasado 19 de julio en Nueva York-Nueva Jersey. Ferran Torres marc\u00f3 el \u00fanico gol del encuentro en el minuto 106, en el que termin\u00f3 siendo el \u00faltimo partido de Messi con la camiseta argentina.<br><\/p>\n\n\n\n<p class=\"wp-block-paragraph\">El futbolista termin\u00f3 el torneo con ocho goles y volvi\u00f3 a ser una de las grandes figuras del combinado sudamericano. Con su salida, Argentina pierde a su m\u00e1ximo goleador y al jugador con m\u00e1s partidos en la historia de la selecci\u00f3n.<br><\/p>\n\n\n\n<p class=\"wp-block-paragraph\">Messi concluye su trayectoria con la Albiceleste con 207 encuentros y 125 goles, adem\u00e1s de seis Mundiales disputados y 21 anotaciones en Copas del Mundo.<br><\/p>\n\n\n\n<p class=\"wp-block-paragraph\">Su historia con la selecci\u00f3n mayor tambi\u00e9n qued\u00f3 marcada por una espectacular cosecha de t\u00edtulos. Despu\u00e9s de a\u00f1os de frustraciones y finales perdidas, Messi consigui\u00f3 levantar la Copa Am\u00e9rica 2021, la Final\u00edssima 2022, el Mundial de Qatar 2022 y la Copa Am\u00e9rica 2024.<br><\/p>\n\n\n\n<p class=\"wp-block-paragraph\">El capit\u00e1n argentino hab\u00eda comenzado a escribir su despedida apenas dos d\u00edas despu\u00e9s de la final ante Espa\u00f1a, pero decidi\u00f3 esperar para hacerla p\u00fablica. La muerte de su padre, Jorge Messi, ocurrida el 8 de agosto, termin\u00f3 por reforzar su decisi\u00f3n.<br><\/p>\n\n\n\n<p class=\"wp-block-paragraph\">\u201cHoy, despu\u00e9s de lo de mi pap\u00e1, estoy m\u00e1s convencido que antes\u201d, expres\u00f3 el jugador.<br><\/p>\n\n\n\n<p class=\"wp-block-paragraph\">Esta no es la primera vez que Messi anuncia su salida de la selecci\u00f3n. En 2016 hab\u00eda tomado una decisi\u00f3n similar despu\u00e9s de perder la final de la Copa Am\u00e9rica Centenario, aunque posteriormente regres\u00f3 y protagoniz\u00f3 la etapa m\u00e1s exitosa de Argentina en d\u00e9cadas.<br><\/p>\n\n\n\n<p class=\"wp-block-paragraph\">Ahora, sin embargo, todo apunta a que el adi\u00f3s es definitivo.<br><\/p>\n\n\n\n<p class=\"wp-block-paragraph\">El retiro anunciado corresponde \u00fanicamente a la Selecci\u00f3n Argentina. Messi continuar\u00e1 jugando a nivel de clubes con el Inter Miami, equipo con el que mantiene contrato hasta 2028. De hecho, un d\u00eda antes de confirmar su despedida internacional, el argentino marc\u00f3 cuatro goles y dio una asistencia en la goleada 7-1 sobre CF Montreal.<br><\/p>\n\n\n\n<p class=\"wp-block-paragraph\">Con 21 a\u00f1os como internacional, cuatro t\u00edtulos con la selecci\u00f3n mayor y una Copa del Mundo en su palmar\u00e9s, Messi deja una huella pr\u00e1cticamente imposible de igualar en la historia de Argentina.<br><\/p>\n\n\n\n<p class=\"wp-block-paragraph\">\u201cMe voy con la tranquilidad y el orgullo de haberles regalado, junto con mis compa\u00f1eros, momentos so\u00f1ados. Fue una locura haberlo vivido con ustedes. \u00a1Los quiero!\u201d, escribi\u00f3 el ahora ex capit\u00e1n de la Albiceleste.<\/p>\n","protected":false},"excerpt":{"rendered":"<p>El argentino confirm\u00f3 su retiro despu\u00e9s de su \u00faltima aparici\u00f3n en la final del Mundial 2026 ante Espa\u00f1a. Lionel Messi puso punto final a una de las etapas m\u00e1s importantes de su carrera al anunciar este lunes 31 de agosto su retiro de la Selecci\u00f3n Argentina. A los 39 a\u00f1os, el capit\u00e1n de la Albiceleste [&hellip;]<\/p>\n","protected":false},"author":1,"featured_media":89152,"comment_status":"closed","ping_status":"closed","sticky":false,"template":"","format":"standard","meta":{"footnotes":""},"categories":[79],"tags":[],"class_list":["post-89148","post","type-post","status-publish","format-standard","has-post-thumbnail","hentry","category-deportes"],"_links":{"self":[{"href":"https:\/\/themexicopost.com\/index.php?rest_route=\/wp\/v2\/posts\/89148","targetHints":{"allow":["GET"]}}],"collection":[{"href":"https:\/\/themexicopost.com\/index.php?rest_route=\/wp\/v2\/posts"}],"about":[{"href":"https:\/\/themexicopost.com\/index.php?rest_route=\/wp\/v2\/types\/post"}],"author":[{"embeddable":true,"href":"https:\/\/themexicopost.com\/index.php?rest_route=\/wp\/v2\/users\/1"}],"replies":[{"embeddable":true,"href":"https:\/\/themexicopost.com\/index.php?rest_route=%2Fwp%2Fv2%2Fcomments&post=89148"}],"version-history":[{"count":1,"href":"https:\/\/themexicopost.com\/index.php?rest_route=\/wp\/v2\/posts\/89148\/revisions"}],"predecessor-version":[{"id":89153,"href":"https:\/\/themexicopost.com\/index.php?rest_route=\/wp\/v2\/posts\/89148\/revisions\/89153"}],"wp:featuredmedia":[{"embeddable":true,"href":"https:\/\/themexicopost.com\/index.php?rest_route=\/wp\/v2\/media\/89152"}],"wp:attachment":[{"href":"https:\/\/themexicopost.com\/index.php?rest_route=%2Fwp%2Fv2%2Fmedia&parent=89148"}],"wp:term":[{"taxonomy":"category","embeddable":true,"href":"https:\/\/themexicopost.com\/index.php?rest_route=%2Fwp%2Fv2%2Fcategories&post=89148"},{"taxonomy":"post_tag","embeddable":true,"href":"https:\/\/themexicopost.com\/index.php?rest_route=%2Fwp%2Fv2%2Ftags&post=89148"}],"curies":[{"name":"wp","href":"https:\/\/api.w.org\/{rel}","templated":true}]}}