{"id":89154,"date":"2026-09-01T05:56:52","date_gmt":"2026-09-01T11:56:52","guid":{"rendered":"https:\/\/themexicopost.com\/?p=89154"},"modified":"2026-09-01T05:56:53","modified_gmt":"2026-09-01T11:56:53","slug":"clara-brugada-amplia-el-ingreso-ciudadano-universal-ya-beneficia-a-107-mil-personas","status":"publish","type":"post","link":"https:\/\/themexicopost.com\/?p=89154","title":{"rendered":"Clara Brugada ampl\u00eda el Ingreso Ciudadano Universal; ya beneficia a 107 mil personas"},"content":{"rendered":"\n<figure class=\"wp-block-pullquote\"><blockquote><p>Entreg\u00f3 nuevos apoyos a 20 mil capitalinos de 57 a 59 a\u00f1os y destac\u00f3 que el programa busca garantizar un piso m\u00ednimo de bienestar.<\/p><\/blockquote><\/figure>\n\n\n\n<p class=\"has-drop-cap wp-block-paragraph\">La jefa de Gobierno, Clara Brugada Molina, encabez\u00f3 la entrega de apoyos del programa Ingreso Ciudadano Universal (ICU) a 20 mil nuevas beneficiarias y beneficiarios de entre 57 y 59 a\u00f1os, con lo que el esquema alcanza ya a 107 mil personas en la capital.<br><\/p>\n\n\n\n<p class=\"wp-block-paragraph\">Durante el acto, realizado en las inmediaciones de la Ciudad Deportiva de la Magdalena Mixhuca, en Iztacalco, Brugada destac\u00f3 que el programa representa una pol\u00edtica social orientada a reconocer la aportaci\u00f3n que las personas han realizado durante su vida al desarrollo de la Ciudad de M\u00e9xico.<br><\/p>\n\n\n\n<p class=\"wp-block-paragraph\">Se\u00f1al\u00f3 que el apoyo busca brindar un respaldo econ\u00f3mico durante una etapa en la que pueden presentarse mayores dificultades para acceder o permanecer en un empleo, as\u00ed como un incremento en necesidades relacionadas con la salud. Los recursos pueden utilizarse para alimentaci\u00f3n, transporte, gastos urgentes o para complementar la econom\u00eda familiar.<br><\/p>\n\n\n\n<figure class=\"wp-block-image size-large\"><img fetchpriority=\"high\" decoding=\"async\" width=\"1024\" height=\"684\" src=\"https:\/\/themexicopost.com\/wp-content\/uploads\/2026\/09\/5clara-2-1024x684.jpeg\" alt=\"\" class=\"wp-image-89159\" srcset=\"https:\/\/themexicopost.com\/wp-content\/uploads\/2026\/09\/5clara-2-1024x684.jpeg 1024w, https:\/\/themexicopost.com\/wp-content\/uploads\/2026\/09\/5clara-2-300x201.jpeg 300w, https:\/\/themexicopost.com\/wp-content\/uploads\/2026\/09\/5clara-2-768x513.jpeg 768w, https:\/\/themexicopost.com\/wp-content\/uploads\/2026\/09\/5clara-2.jpeg 1200w\" sizes=\"(max-width: 1024px) 100vw, 1024px\" \/><\/figure>\n\n\n\n<p class=\"wp-block-paragraph\">La mandataria capitalina inform\u00f3 que el objetivo es alcanzar 150 mil beneficiarias y beneficiarios durante este a\u00f1o, al tiempo que subray\u00f3 el car\u00e1cter universal del programa, que no excluye ni discrimina a las personas dentro del rango de edad establecido.<br><\/p>\n\n\n\n<p class=\"wp-block-paragraph\">Brugada afirm\u00f3 que el ICU forma parte de una estrategia de protecci\u00f3n social que acompa\u00f1a a la poblaci\u00f3n en diferentes etapas de la vida, desde los programas dirigidos a ni\u00f1as, ni\u00f1os y j\u00f3venes hasta los apoyos destinados a personas adultas mayores.<br><\/p>\n\n\n\n<p class=\"wp-block-paragraph\">Por su parte, Pablo Yanes Rizo, secretario de Bienestar e Inclusi\u00f3n Social, se\u00f1al\u00f3 que el programa constituye una nueva generaci\u00f3n de derechos sociales en la Ciudad de M\u00e9xico. Destac\u00f3 que, con esta ampliaci\u00f3n, aproximadamente una de cada tres personas de 57 a 59 a\u00f1os que viven en la capital ya recibe un apoyo bimestral de 2 mil pesos.<\/p>\n","protected":false},"excerpt":{"rendered":"<p>Entreg\u00f3 nuevos apoyos a 20 mil capitalinos de 57 a 59 a\u00f1os y destac\u00f3 que el programa busca garantizar un piso m\u00ednimo de bienestar. La jefa de Gobierno, Clara Brugada Molina, encabez\u00f3 la entrega de apoyos del programa Ingreso Ciudadano Universal (ICU) a 20 mil nuevas beneficiarias y beneficiarios de entre 57 y 59 a\u00f1os, [&hellip;]<\/p>\n","protected":false},"author":1,"featured_media":89158,"comment_status":"closed","ping_status":"closed","sticky":false,"template":"","format":"standard","meta":{"footnotes":""},"categories":[82,83],"tags":[],"class_list":["post-89154","post","type-post","status-publish","format-standard","has-post-thumbnail","hentry","category-cdmx","category-destacado"],"_links":{"self":[{"href":"https:\/\/themexicopost.com\/index.php?rest_route=\/wp\/v2\/posts\/89154","targetHints":{"allow":["GET"]}}],"collection":[{"href":"https:\/\/themexicopost.com\/index.php?rest_route=\/wp\/v2\/posts"}],"about":[{"href":"https:\/\/themexicopost.com\/index.php?rest_route=\/wp\/v2\/types\/post"}],"author":[{"embeddable":true,"href":"https:\/\/themexicopost.com\/index.php?rest_route=\/wp\/v2\/users\/1"}],"replies":[{"embeddable":true,"href":"https:\/\/themexicopost.com\/index.php?rest_route=%2Fwp%2Fv2%2Fcomments&post=89154"}],"version-history":[{"count":1,"href":"https:\/\/themexicopost.com\/index.php?rest_route=\/wp\/v2\/posts\/89154\/revisions"}],"predecessor-version":[{"id":89160,"href":"https:\/\/themexicopost.com\/index.php?rest_route=\/wp\/v2\/posts\/89154\/revisions\/89160"}],"wp:featuredmedia":[{"embeddable":true,"href":"https:\/\/themexicopost.com\/index.php?rest_route=\/wp\/v2\/media\/89158"}],"wp:attachment":[{"href":"https:\/\/themexicopost.com\/index.php?rest_route=%2Fwp%2Fv2%2Fmedia&parent=89154"}],"wp:term":[{"taxonomy":"category","embeddable":true,"href":"https:\/\/themexicopost.com\/index.php?rest_route=%2Fwp%2Fv2%2Fcategories&post=89154"},{"taxonomy":"post_tag","embeddable":true,"href":"https:\/\/themexicopost.com\/index.php?rest_route=%2Fwp%2Fv2%2Ftags&post=89154"}],"curies":[{"name":"wp","href":"https:\/\/api.w.org\/{rel}","templated":true}]}}