{"id":89164,"date":"2026-09-01T05:58:42","date_gmt":"2026-09-01T11:58:42","guid":{"rendered":"https:\/\/themexicopost.com\/?p=89164"},"modified":"2026-09-01T05:58:43","modified_gmt":"2026-09-01T11:58:43","slug":"apagon-golpea-al-sureste-cfe-trabaja-para-restablecer-el-suministro-electrico","status":"publish","type":"post","link":"https:\/\/themexicopost.com\/?p=89164","title":{"rendered":"Apag\u00f3n golpea al sureste; CFE trabaja para restablecer el suministro el\u00e9ctrico"},"content":{"rendered":"\n<figure class=\"wp-block-pullquote\"><blockquote><p>La desconexi\u00f3n de dos l\u00edneas de transmisi\u00f3n provoc\u00f3 interrupciones en Quintana Roo, Yucat\u00e1n y Chiapas.<\/p><\/blockquote><\/figure>\n\n\n\n<p class=\"has-drop-cap wp-block-paragraph\">La noche de este lunes se registraron interrupciones en el suministro el\u00e9ctrico en distintos puntos de Quintana Roo, Yucat\u00e1n y Chiapas, luego de la desconexi\u00f3n de dos l\u00edneas de transmisi\u00f3n, inform\u00f3 la Comisi\u00f3n Federal de Electricidad (CFE).<br><\/p>\n\n\n\n<p class=\"wp-block-paragraph\">La empresa se\u00f1al\u00f3 que personal t\u00e9cnico despleg\u00f3 trabajos para restablecer el servicio en las zonas afectadas y atender los reportes de los usuarios.<br><\/p>\n\n\n\n<p class=\"wp-block-paragraph\">En Quintana Roo, se reportaron cortes en comunidades y colonias de Chetumal, entre ellas Pacto Obrero, Am\u00e9ricas, Solidaridad, Jardines y David Guti\u00e9rrez Ruiz. Tambi\u00e9n se registraron afectaciones en Bacalar, Felipe Carrillo Puerto y Jos\u00e9 Mar\u00eda Morelos.<br><\/p>\n\n\n\n<p class=\"wp-block-paragraph\">En Canc\u00fan, usuarios se\u00f1alaron fallas en sectores como las regiones 503, 504, 93 y 94, adem\u00e1s de fraccionamientos como Los H\u00e9roes, La Guadalupana y Prado Norte. La falta de energ\u00eda tambi\u00e9n ocasion\u00f3 afectaciones en algunos puntos viales debido a la suspensi\u00f3n de sem\u00e1foros, principalmente en cruces de los bulevares Luis Donaldo Colosio, Kabah, Xcaret, Cob\u00e1, La Luna, Mayap\u00e1n, Nichupt\u00e9, Jos\u00e9 L\u00f3pez Portillo y Chich\u00e9n Itz\u00e1.<br><\/p>\n\n\n\n<p class=\"wp-block-paragraph\">En Yucat\u00e1n, tambi\u00e9n se reportaron interrupciones en zonas de M\u00e9rida, entre ellas las colonias Pensiones y Porvenir, as\u00ed como en los municipios de Kanas\u00edn y Hoct\u00fan.<br><\/p>\n\n\n\n<p class=\"wp-block-paragraph\">La CFE indic\u00f3 que mantiene labores para recuperar el suministro el\u00e9ctrico en las \u00e1reas afectadas y normalizar el servicio.<\/p>\n","protected":false},"excerpt":{"rendered":"<p>La desconexi\u00f3n de dos l\u00edneas de transmisi\u00f3n provoc\u00f3 interrupciones en Quintana Roo, Yucat\u00e1n y Chiapas. La noche de este lunes se registraron interrupciones en el suministro el\u00e9ctrico en distintos puntos de Quintana Roo, Yucat\u00e1n y Chiapas, luego de la desconexi\u00f3n de dos l\u00edneas de transmisi\u00f3n, inform\u00f3 la Comisi\u00f3n Federal de Electricidad (CFE). La empresa se\u00f1al\u00f3 [&hellip;]<\/p>\n","protected":false},"author":1,"featured_media":89168,"comment_status":"closed","ping_status":"closed","sticky":false,"template":"","format":"standard","meta":{"footnotes":""},"categories":[81],"tags":[],"class_list":["post-89164","post","type-post","status-publish","format-standard","has-post-thumbnail","hentry","category-nacional"],"_links":{"self":[{"href":"https:\/\/themexicopost.com\/index.php?rest_route=\/wp\/v2\/posts\/89164","targetHints":{"allow":["GET"]}}],"collection":[{"href":"https:\/\/themexicopost.com\/index.php?rest_route=\/wp\/v2\/posts"}],"about":[{"href":"https:\/\/themexicopost.com\/index.php?rest_route=\/wp\/v2\/types\/post"}],"author":[{"embeddable":true,"href":"https:\/\/themexicopost.com\/index.php?rest_route=\/wp\/v2\/users\/1"}],"replies":[{"embeddable":true,"href":"https:\/\/themexicopost.com\/index.php?rest_route=%2Fwp%2Fv2%2Fcomments&post=89164"}],"version-history":[{"count":1,"href":"https:\/\/themexicopost.com\/index.php?rest_route=\/wp\/v2\/posts\/89164\/revisions"}],"predecessor-version":[{"id":89169,"href":"https:\/\/themexicopost.com\/index.php?rest_route=\/wp\/v2\/posts\/89164\/revisions\/89169"}],"wp:featuredmedia":[{"embeddable":true,"href":"https:\/\/themexicopost.com\/index.php?rest_route=\/wp\/v2\/media\/89168"}],"wp:attachment":[{"href":"https:\/\/themexicopost.com\/index.php?rest_route=%2Fwp%2Fv2%2Fmedia&parent=89164"}],"wp:term":[{"taxonomy":"category","embeddable":true,"href":"https:\/\/themexicopost.com\/index.php?rest_route=%2Fwp%2Fv2%2Fcategories&post=89164"},{"taxonomy":"post_tag","embeddable":true,"href":"https:\/\/themexicopost.com\/index.php?rest_route=%2Fwp%2Fv2%2Ftags&post=89164"}],"curies":[{"name":"wp","href":"https:\/\/api.w.org\/{rel}","templated":true}]}}