{"id":89179,"date":"2026-09-01T06:05:33","date_gmt":"2026-09-01T12:05:33","guid":{"rendered":"https:\/\/themexicopost.com\/?p=89179"},"modified":"2026-09-01T06:05:35","modified_gmt":"2026-09-01T12:05:35","slug":"delfina-gomez-inaugura-las-nuevas-instalaciones-de-la-compania-de-la-guardia-nacional","status":"publish","type":"post","link":"https:\/\/themexicopost.com\/?p=89179","title":{"rendered":"Delfina G\u00f3mez inaugura las nuevas instalaciones de la Compa\u00f1\u00eda de la Guardia Nacional"},"content":{"rendered":"\n<figure class=\"wp-block-pullquote\"><blockquote><p>Las instalaciones ampliar\u00e1n la presencia federal y reforzar\u00e1n la vigilancia en cinco municipios de la regi\u00f3n, con una atenci\u00f3n m\u00e1s cercana y oportuna.<\/p><\/blockquote><\/figure>\n\n\n\n<p class=\"has-drop-cap wp-block-paragraph\">La Gobernadora del Estado de M\u00e9xico, Delfina G\u00f3mez \u00c1lvarez, encabez\u00f3 la inauguraci\u00f3n de las instalaciones de la Compa\u00f1\u00eda de la Guardia Nacional en Xalatlaco, con las que se ampliar\u00e1 la presencia de esta instituci\u00f3n y se fortalecer\u00e1 la coordinaci\u00f3n entre autoridades federales, estatales y municipales en materia de seguridad.<br><\/p>\n\n\n\n<p class=\"wp-block-paragraph\">Por su ubicaci\u00f3n estrat\u00e9gica, la nueva Compa\u00f1\u00eda permitir\u00e1 reforzar la vigilancia y brindar una atenci\u00f3n m\u00e1s eficiente y oportuna en Xalatlaco, Santiago Tianguistenco, Capulhuac, Almoloya del R\u00edo y Santa Cruz Atizap\u00e1n, contribuyendo a mejorar las condiciones de seguridad para las familias de la regi\u00f3n.<br><\/p>\n\n\n\n<p class=\"wp-block-paragraph\">Durante el acto, Adri\u00e1n Marcos Ni\u00f1o, Coordinador Interino de la 3\/a Coordinaci\u00f3n de Unidad de la Guardia Nacional, se\u00f1al\u00f3 que las nuevas instalaciones permitir\u00e1n mantener una presencia permanente y ampliar la cobertura territorial, adem\u00e1s de mejorar la planeaci\u00f3n y ejecuci\u00f3n de las acciones de seguridad de acuerdo con las necesidades de cada municipio.<br><\/p>\n\n\n\n<figure class=\"wp-block-image size-large\"><img fetchpriority=\"high\" decoding=\"async\" width=\"1024\" height=\"684\" src=\"https:\/\/themexicopost.com\/wp-content\/uploads\/2026\/09\/8delfina-1024x684.jpg\" alt=\"\" class=\"wp-image-89184\" srcset=\"https:\/\/themexicopost.com\/wp-content\/uploads\/2026\/09\/8delfina-1024x684.jpg 1024w, https:\/\/themexicopost.com\/wp-content\/uploads\/2026\/09\/8delfina-300x201.jpg 300w, https:\/\/themexicopost.com\/wp-content\/uploads\/2026\/09\/8delfina-768x513.jpg 768w, https:\/\/themexicopost.com\/wp-content\/uploads\/2026\/09\/8delfina.jpg 1200w\" sizes=\"(max-width: 1024px) 100vw, 1024px\" \/><\/figure>\n\n\n\n<p class=\"wp-block-paragraph\">Destac\u00f3 que la infraestructura tambi\u00e9n brinda a los elementos las condiciones necesarias para desempe\u00f1ar sus funciones y mantener una mayor cercan\u00eda con la poblaci\u00f3n, bajo una visi\u00f3n de seguridad que, adem\u00e1s de proteger, busca generar confianza y acompa\u00f1amiento a las comunidades.<br><\/p>\n\n\n\n<p class=\"wp-block-paragraph\">Durante la ceremonia, la Gobernadora Delfina G\u00f3mez entreg\u00f3 un reconocimiento a Armando L\u00f3pez Esquivel, Comandante de la 22\/a Zona Militar, por su trayectoria y compromiso con la seguridad de las y los mexiquenses.<br><\/p>\n\n\n\n<p class=\"wp-block-paragraph\">Al evento asistieron Horacio Duarte Olivares, Secretario General de Gobierno; Crist\u00f3bal Casta\u00f1eda Camarillo, Secretario de Seguridad estatal; Sa\u00fal Luna Jaimes, Titular de la Primera Coordinaci\u00f3n Territorial de la Guardia Nacional; Horacio Flores Fonseca, Coordinador Estatal de la Guardia Nacional en el Estado de M\u00e9xico, y Abel Flores Guzm\u00e1n, Presidente Municipal de Xalatlaco.<\/p>\n","protected":false},"excerpt":{"rendered":"<p>Las instalaciones ampliar\u00e1n la presencia federal y reforzar\u00e1n la vigilancia en cinco municipios de la regi\u00f3n, con una atenci\u00f3n m\u00e1s cercana y oportuna. La Gobernadora del Estado de M\u00e9xico, Delfina G\u00f3mez \u00c1lvarez, encabez\u00f3 la inauguraci\u00f3n de las instalaciones de la Compa\u00f1\u00eda de la Guardia Nacional en Xalatlaco, con las que se ampliar\u00e1 la presencia de [&hellip;]<\/p>\n","protected":false},"author":1,"featured_media":89183,"comment_status":"closed","ping_status":"closed","sticky":false,"template":"","format":"standard","meta":{"footnotes":""},"categories":[83,81],"tags":[],"class_list":["post-89179","post","type-post","status-publish","format-standard","has-post-thumbnail","hentry","category-destacado","category-nacional"],"_links":{"self":[{"href":"https:\/\/themexicopost.com\/index.php?rest_route=\/wp\/v2\/posts\/89179","targetHints":{"allow":["GET"]}}],"collection":[{"href":"https:\/\/themexicopost.com\/index.php?rest_route=\/wp\/v2\/posts"}],"about":[{"href":"https:\/\/themexicopost.com\/index.php?rest_route=\/wp\/v2\/types\/post"}],"author":[{"embeddable":true,"href":"https:\/\/themexicopost.com\/index.php?rest_route=\/wp\/v2\/users\/1"}],"replies":[{"embeddable":true,"href":"https:\/\/themexicopost.com\/index.php?rest_route=%2Fwp%2Fv2%2Fcomments&post=89179"}],"version-history":[{"count":1,"href":"https:\/\/themexicopost.com\/index.php?rest_route=\/wp\/v2\/posts\/89179\/revisions"}],"predecessor-version":[{"id":89185,"href":"https:\/\/themexicopost.com\/index.php?rest_route=\/wp\/v2\/posts\/89179\/revisions\/89185"}],"wp:featuredmedia":[{"embeddable":true,"href":"https:\/\/themexicopost.com\/index.php?rest_route=\/wp\/v2\/media\/89183"}],"wp:attachment":[{"href":"https:\/\/themexicopost.com\/index.php?rest_route=%2Fwp%2Fv2%2Fmedia&parent=89179"}],"wp:term":[{"taxonomy":"category","embeddable":true,"href":"https:\/\/themexicopost.com\/index.php?rest_route=%2Fwp%2Fv2%2Fcategories&post=89179"},{"taxonomy":"post_tag","embeddable":true,"href":"https:\/\/themexicopost.com\/index.php?rest_route=%2Fwp%2Fv2%2Ftags&post=89179"}],"curies":[{"name":"wp","href":"https:\/\/api.w.org\/{rel}","templated":true}]}}