{"id":89189,"date":"2026-09-01T06:11:30","date_gmt":"2026-09-01T12:11:30","guid":{"rendered":"https:\/\/themexicopost.com\/?p=89189"},"modified":"2026-09-01T06:11:32","modified_gmt":"2026-09-01T12:11:32","slug":"ebola-golpea-a-la-republica-democratica-del-congo-mas-de-6-mil-casos-y-casi-3-mil-muertes","status":"publish","type":"post","link":"https:\/\/themexicopost.com\/?p=89189","title":{"rendered":"\u00c9bola golpea a la Rep\u00fablica Democr\u00e1tica del Congo: m\u00e1s de 6 mil casos y casi 3 mil muertes"},"content":{"rendered":"\n<figure class=\"wp-block-pullquote\"><blockquote><p>El brote, iniciado en mayo, ya es considerado el m\u00e1s grave registrado en la historia del pa\u00eds y se ha extendido a seis provincias.<\/p><\/blockquote><\/figure>\n\n\n\n<p class=\"has-drop-cap wp-block-paragraph\">La Rep\u00fablica Democr\u00e1tica del Congo (RDC) enfrenta una de las mayores emergencias sanitarias de su historia, luego de superar los 6 mil casos confirmados de \u00e9bola y registrar casi 3 mil muertes desde el inicio del brote.<br><\/p>\n\n\n\n<p class=\"wp-block-paragraph\">De acuerdo con los datos difundidos este lunes por las autoridades sanitarias, se han contabilizado 6 mil 41 casos confirmados, de los cuales 2 mil 911 pacientes han fallecido y mil 366 se han recuperado.<br><\/p>\n\n\n\n<p class=\"wp-block-paragraph\">La epidemia comenz\u00f3 a mediados de mayo en la provincia de Ituri, en el noreste del pa\u00eds, y r\u00e1pidamente se extendi\u00f3 a otras seis provincias de las regiones norte y este, donde la limitada presencia del Estado y la actividad de grupos armados dificultan las labores de prevenci\u00f3n, detecci\u00f3n y atenci\u00f3n m\u00e9dica.<br><\/p>\n\n\n\n<figure class=\"wp-block-image size-large\"><img fetchpriority=\"high\" decoding=\"async\" width=\"1024\" height=\"684\" src=\"https:\/\/themexicopost.com\/wp-content\/uploads\/2026\/09\/ebola-1024x684.jpg\" alt=\"\" class=\"wp-image-89194\" srcset=\"https:\/\/themexicopost.com\/wp-content\/uploads\/2026\/09\/ebola-1024x684.jpg 1024w, https:\/\/themexicopost.com\/wp-content\/uploads\/2026\/09\/ebola-300x201.jpg 300w, https:\/\/themexicopost.com\/wp-content\/uploads\/2026\/09\/ebola-768x513.jpg 768w, https:\/\/themexicopost.com\/wp-content\/uploads\/2026\/09\/ebola.jpg 1200w\" sizes=\"(max-width: 1024px) 100vw, 1024px\" \/><\/figure>\n\n\n\n<p class=\"wp-block-paragraph\">El brote es provocado por el virus Bundibugyo, una variante del \u00e9bola para la que actualmente no existe una vacuna ni un tratamiento espec\u00edfico homologado. En sus primeras etapas puede presentar s\u00edntomas aparentemente leves, lo que favorece retrasos en la detecci\u00f3n y facilita su propagaci\u00f3n.<br><\/p>\n\n\n\n<p class=\"wp-block-paragraph\">Ante la ausencia de una vacuna espec\u00edfica, la Organizaci\u00f3n Mundial de la Salud (OMS) recomend\u00f3 realizar un ensayo cl\u00ednico de fase 3 con Ervebo, vacuna aprobada contra la cepa Zaire, responsable de la mayor\u00eda de los brotes registrados anteriormente en la RDC.<br><\/p>\n\n\n\n<p class=\"wp-block-paragraph\">Mientras contin\u00faan las investigaciones para desarrollar herramientas espec\u00edficas contra el virus Bundibugyo, las autoridades sanitarias enfrentan el reto de contener una epidemia que, en apenas tres meses, ya super\u00f3 en magnitud al brote registrado en el este del pa\u00eds entre 2018 y 2020.<\/p>\n","protected":false},"excerpt":{"rendered":"<p>El brote, iniciado en mayo, ya es considerado el m\u00e1s grave registrado en la historia del pa\u00eds y se ha extendido a seis provincias. La Rep\u00fablica Democr\u00e1tica del Congo (RDC) enfrenta una de las mayores emergencias sanitarias de su historia, luego de superar los 6 mil casos confirmados de \u00e9bola y registrar casi 3 mil [&hellip;]<\/p>\n","protected":false},"author":1,"featured_media":89193,"comment_status":"closed","ping_status":"closed","sticky":false,"template":"","format":"standard","meta":{"footnotes":""},"categories":[80],"tags":[],"class_list":["post-89189","post","type-post","status-publish","format-standard","has-post-thumbnail","hentry","category-mundo"],"_links":{"self":[{"href":"https:\/\/themexicopost.com\/index.php?rest_route=\/wp\/v2\/posts\/89189","targetHints":{"allow":["GET"]}}],"collection":[{"href":"https:\/\/themexicopost.com\/index.php?rest_route=\/wp\/v2\/posts"}],"about":[{"href":"https:\/\/themexicopost.com\/index.php?rest_route=\/wp\/v2\/types\/post"}],"author":[{"embeddable":true,"href":"https:\/\/themexicopost.com\/index.php?rest_route=\/wp\/v2\/users\/1"}],"replies":[{"embeddable":true,"href":"https:\/\/themexicopost.com\/index.php?rest_route=%2Fwp%2Fv2%2Fcomments&post=89189"}],"version-history":[{"count":1,"href":"https:\/\/themexicopost.com\/index.php?rest_route=\/wp\/v2\/posts\/89189\/revisions"}],"predecessor-version":[{"id":89195,"href":"https:\/\/themexicopost.com\/index.php?rest_route=\/wp\/v2\/posts\/89189\/revisions\/89195"}],"wp:featuredmedia":[{"embeddable":true,"href":"https:\/\/themexicopost.com\/index.php?rest_route=\/wp\/v2\/media\/89193"}],"wp:attachment":[{"href":"https:\/\/themexicopost.com\/index.php?rest_route=%2Fwp%2Fv2%2Fmedia&parent=89189"}],"wp:term":[{"taxonomy":"category","embeddable":true,"href":"https:\/\/themexicopost.com\/index.php?rest_route=%2Fwp%2Fv2%2Fcategories&post=89189"},{"taxonomy":"post_tag","embeddable":true,"href":"https:\/\/themexicopost.com\/index.php?rest_route=%2Fwp%2Fv2%2Ftags&post=89189"}],"curies":[{"name":"wp","href":"https:\/\/api.w.org\/{rel}","templated":true}]}}