{"id":89200,"date":"2026-09-01T06:14:32","date_gmt":"2026-09-01T12:14:32","guid":{"rendered":"https:\/\/themexicopost.com\/?p=89200"},"modified":"2026-09-01T06:14:35","modified_gmt":"2026-09-01T12:14:35","slug":"colombia-lanza-ofensiva-contra-disidencias-de-las-farc-reportan-ocho-muertos","status":"publish","type":"post","link":"https:\/\/themexicopost.com\/?p=89200","title":{"rendered":"Colombia lanza ofensiva contra disidencias de las FARC; reportan ocho muertos"},"content":{"rendered":"\n<figure class=\"wp-block-pullquote\"><blockquote><p>El operativo militar fue desplegado en Guaviare contra el Frente Carolina Ram\u00edrez, mientras las autoridades buscan confirmar si entre los fallecidos est\u00e1 uno de sus principales cabecillas.<\/p><\/blockquote><\/figure>\n\n\n\n<p class=\"has-drop-cap wp-block-paragraph\">El presidente de Colombia, Abelardo de la Espriella, inform\u00f3 este lunes sobre una operaci\u00f3n militar contra integrantes de las disidencias de las FARC en el departamento de Guaviare, en el sur del pa\u00eds.<br><\/p>\n\n\n\n<p class=\"wp-block-paragraph\">De acuerdo con el mandatario, las Fuerzas Armadas bombardearon un campamento se\u00f1alado como centro de operaciones del Frente Carolina Ram\u00edrez, en la vereda Lagos del Dorado, municipio de Miraflores. El balance preliminar reporta ocho integrantes del grupo armado muertos, tres capturados y dos menores de edad rescatados.<br><\/p>\n\n\n\n<figure class=\"wp-block-image size-large\"><img fetchpriority=\"high\" decoding=\"async\" width=\"1024\" height=\"684\" src=\"https:\/\/themexicopost.com\/wp-content\/uploads\/2026\/09\/colombia-2-1024x684.jpg\" alt=\"\" class=\"wp-image-89205\" srcset=\"https:\/\/themexicopost.com\/wp-content\/uploads\/2026\/09\/colombia-2-1024x684.jpg 1024w, https:\/\/themexicopost.com\/wp-content\/uploads\/2026\/09\/colombia-2-300x201.jpg 300w, https:\/\/themexicopost.com\/wp-content\/uploads\/2026\/09\/colombia-2-768x513.jpg 768w, https:\/\/themexicopost.com\/wp-content\/uploads\/2026\/09\/colombia-2.jpg 1200w\" sizes=\"(max-width: 1024px) 100vw, 1024px\" \/><\/figure>\n\n\n\n<p class=\"wp-block-paragraph\">La operaci\u00f3n, denominada \u201cAzar\u00edas\u201d, est\u00e1 dirigida contra la estructura encabezada por alias \u201cEl Tigre\u201d o \u201cPintado\u201d, a quien las autoridades colombianas responsabilizan de acciones violentas en Guaviare, Amazonas, Putumayo y Caquet\u00e1, as\u00ed como de ataques contra unidades militares y del reclutamiento de menores.<br><\/p>\n\n\n\n<p class=\"wp-block-paragraph\">El cabecilla cuenta con una notificaci\u00f3n roja de Interpol y es considerado uno de los objetivos prioritarios de las autoridades colombianas. De la Espriella se\u00f1al\u00f3 que se investiga si \u201cEl Tigre\u201d se encuentra entre los combatientes abatidos, aunque advirti\u00f3 que su muerte solo podr\u00e1 confirmarse despu\u00e9s de realizar plenamente los procesos de identificaci\u00f3n.<br><\/p>\n\n\n\n<p class=\"wp-block-paragraph\">La ofensiva forma parte de las operaciones del Gobierno colombiano contra las estructuras armadas que mantienen presencia en distintas regiones del pa\u00eds y que est\u00e1n vinculadas con actividades de narcotr\u00e1fico y violencia.<\/p>\n","protected":false},"excerpt":{"rendered":"<p>El operativo militar fue desplegado en Guaviare contra el Frente Carolina Ram\u00edrez, mientras las autoridades buscan confirmar si entre los fallecidos est\u00e1 uno de sus principales cabecillas. El presidente de Colombia, Abelardo de la Espriella, inform\u00f3 este lunes sobre una operaci\u00f3n militar contra integrantes de las disidencias de las FARC en el departamento de Guaviare, [&hellip;]<\/p>\n","protected":false},"author":1,"featured_media":89204,"comment_status":"closed","ping_status":"closed","sticky":false,"template":"","format":"standard","meta":{"footnotes":""},"categories":[83,80],"tags":[],"class_list":["post-89200","post","type-post","status-publish","format-standard","has-post-thumbnail","hentry","category-destacado","category-mundo"],"_links":{"self":[{"href":"https:\/\/themexicopost.com\/index.php?rest_route=\/wp\/v2\/posts\/89200","targetHints":{"allow":["GET"]}}],"collection":[{"href":"https:\/\/themexicopost.com\/index.php?rest_route=\/wp\/v2\/posts"}],"about":[{"href":"https:\/\/themexicopost.com\/index.php?rest_route=\/wp\/v2\/types\/post"}],"author":[{"embeddable":true,"href":"https:\/\/themexicopost.com\/index.php?rest_route=\/wp\/v2\/users\/1"}],"replies":[{"embeddable":true,"href":"https:\/\/themexicopost.com\/index.php?rest_route=%2Fwp%2Fv2%2Fcomments&post=89200"}],"version-history":[{"count":1,"href":"https:\/\/themexicopost.com\/index.php?rest_route=\/wp\/v2\/posts\/89200\/revisions"}],"predecessor-version":[{"id":89206,"href":"https:\/\/themexicopost.com\/index.php?rest_route=\/wp\/v2\/posts\/89200\/revisions\/89206"}],"wp:featuredmedia":[{"embeddable":true,"href":"https:\/\/themexicopost.com\/index.php?rest_route=\/wp\/v2\/media\/89204"}],"wp:attachment":[{"href":"https:\/\/themexicopost.com\/index.php?rest_route=%2Fwp%2Fv2%2Fmedia&parent=89200"}],"wp:term":[{"taxonomy":"category","embeddable":true,"href":"https:\/\/themexicopost.com\/index.php?rest_route=%2Fwp%2Fv2%2Fcategories&post=89200"},{"taxonomy":"post_tag","embeddable":true,"href":"https:\/\/themexicopost.com\/index.php?rest_route=%2Fwp%2Fv2%2Ftags&post=89200"}],"curies":[{"name":"wp","href":"https:\/\/api.w.org\/{rel}","templated":true}]}}