{"id":89210,"date":"2026-09-01T06:18:00","date_gmt":"2026-09-01T12:18:00","guid":{"rendered":"https:\/\/themexicopost.com\/?p=89210"},"modified":"2026-09-01T06:18:01","modified_gmt":"2026-09-01T12:18:01","slug":"ola-de-drones-rusos-golpea-kiev-por-quinto-dia-consecutivo-y-paraliza-la-vida-cotidiana","status":"publish","type":"post","link":"https:\/\/themexicopost.com\/?p=89210","title":{"rendered":"Ola de drones rusos golpea Kiev por quinto d\u00eda consecutivo y paraliza la vida cotidiana"},"content":{"rendered":"\n<figure class=\"wp-block-pullquote\"><blockquote><p>Las incursiones a\u00e9reas mantienen activadas las alarmas pr\u00e1cticamente durante todo el d\u00eda, mientras Ucrania enfrenta una creciente presi\u00f3n sobre sus sistemas de defensa.<\/p><\/blockquote><\/figure>\n\n\n\n<p class=\"has-drop-cap wp-block-paragraph\">Los ataques con drones rusos contra Kiev y la regi\u00f3n que rodea la capital ucraniana se prolongaron este lunes por quinto d\u00eda consecutivo, provocando nuevas afectaciones a viviendas, comercios e infraestructura y alterando las actividades cotidianas de millones de personas.<br><\/p>\n\n\n\n<p class=\"wp-block-paragraph\">Los ataques registrados durante la madrugada dejaron al menos cuatro personas heridas y ocasionaron da\u00f1os en instalaciones de almacenamiento, un edificio habitacional y un establecimiento comercial, inform\u00f3 el gobernador regional, Tymur Tkachenko.<br><\/p>\n\n\n\n<p class=\"wp-block-paragraph\">El presidente ucraniano, Volod\u00edmir Zelenski, afirm\u00f3 que Rusia lanz\u00f3 cerca de mil 500 drones contra territorio ucraniano en apenas cuatro d\u00edas, m\u00e1s de la mitad de ellos propulsados por motores a reacci\u00f3n. Seg\u00fan el mandatario, la intensidad de los ataques busca desgastar a la poblaci\u00f3n.<br><\/p>\n\n\n\n<p class=\"wp-block-paragraph\">La ofensiva tambi\u00e9n alcanz\u00f3 otras regiones. En Odesa, un ataque provoc\u00f3 un incendio en una terminal de la empresa de mensajer\u00eda Nova Poshta, mientras que en Kriv\u00f3i Rog dos personas resultaron heridas tras el impacto de un dron contra una empresa industrial.<br><\/p>\n\n\n\n<p class=\"wp-block-paragraph\">Los ataques han afectado adem\u00e1s la actividad econ\u00f3mica y los servicios. En Kiev, las alertas a\u00e9reas han obligado a interrumpir temporalmente el servicio del metro, dejando a cientos de pasajeros varados en estaciones abarrotadas.<br><\/p>\n\n\n\n<p class=\"wp-block-paragraph\">La situaci\u00f3n ha complicado incluso actividades cotidianas como el regreso a casa o el inicio del ciclo escolar. Familias enteras han tenido que permanecer en estaciones del metro o refugiarse con familiares ante la imposibilidad de trasladarse con normalidad.<br><\/p>\n\n\n\n<p class=\"wp-block-paragraph\">Mientras Rusia intensifica sus ataques a\u00e9reos, Ucrania tambi\u00e9n ha dirigido drones contra infraestructura dentro de territorio ruso, en una escalada que mantiene bajo presi\u00f3n a ambas partes y profundiza las afectaciones sobre zonas urbanas y econ\u00f3micas.<\/p>\n","protected":false},"excerpt":{"rendered":"<p>Las incursiones a\u00e9reas mantienen activadas las alarmas pr\u00e1cticamente durante todo el d\u00eda, mientras Ucrania enfrenta una creciente presi\u00f3n sobre sus sistemas de defensa. Los ataques con drones rusos contra Kiev y la regi\u00f3n que rodea la capital ucraniana se prolongaron este lunes por quinto d\u00eda consecutivo, provocando nuevas afectaciones a viviendas, comercios e infraestructura y [&hellip;]<\/p>\n","protected":false},"author":1,"featured_media":89214,"comment_status":"closed","ping_status":"closed","sticky":false,"template":"","format":"standard","meta":{"footnotes":""},"categories":[80],"tags":[],"class_list":["post-89210","post","type-post","status-publish","format-standard","has-post-thumbnail","hentry","category-mundo"],"_links":{"self":[{"href":"https:\/\/themexicopost.com\/index.php?rest_route=\/wp\/v2\/posts\/89210","targetHints":{"allow":["GET"]}}],"collection":[{"href":"https:\/\/themexicopost.com\/index.php?rest_route=\/wp\/v2\/posts"}],"about":[{"href":"https:\/\/themexicopost.com\/index.php?rest_route=\/wp\/v2\/types\/post"}],"author":[{"embeddable":true,"href":"https:\/\/themexicopost.com\/index.php?rest_route=\/wp\/v2\/users\/1"}],"replies":[{"embeddable":true,"href":"https:\/\/themexicopost.com\/index.php?rest_route=%2Fwp%2Fv2%2Fcomments&post=89210"}],"version-history":[{"count":1,"href":"https:\/\/themexicopost.com\/index.php?rest_route=\/wp\/v2\/posts\/89210\/revisions"}],"predecessor-version":[{"id":89215,"href":"https:\/\/themexicopost.com\/index.php?rest_route=\/wp\/v2\/posts\/89210\/revisions\/89215"}],"wp:featuredmedia":[{"embeddable":true,"href":"https:\/\/themexicopost.com\/index.php?rest_route=\/wp\/v2\/media\/89214"}],"wp:attachment":[{"href":"https:\/\/themexicopost.com\/index.php?rest_route=%2Fwp%2Fv2%2Fmedia&parent=89210"}],"wp:term":[{"taxonomy":"category","embeddable":true,"href":"https:\/\/themexicopost.com\/index.php?rest_route=%2Fwp%2Fv2%2Fcategories&post=89210"},{"taxonomy":"post_tag","embeddable":true,"href":"https:\/\/themexicopost.com\/index.php?rest_route=%2Fwp%2Fv2%2Ftags&post=89210"}],"curies":[{"name":"wp","href":"https:\/\/api.w.org\/{rel}","templated":true}]}}