{"id":89216,"date":"2026-09-01T06:20:29","date_gmt":"2026-09-01T12:20:29","guid":{"rendered":"https:\/\/themexicopost.com\/?p=89216"},"modified":"2026-09-01T06:20:30","modified_gmt":"2026-09-01T12:20:30","slug":"pedro-sanchez-descarta-implicacion-de-marruecos-en-la-crisis-migratoria-de-ceuta","status":"publish","type":"post","link":"https:\/\/themexicopost.com\/?p=89216","title":{"rendered":"Pedro S\u00e1nchez descarta implicaci\u00f3n de Marruecos en la crisis migratoria de Ceuta"},"content":{"rendered":"\n<figure class=\"wp-block-pullquote\"><blockquote><p>El presidente espa\u00f1ol asegur\u00f3 que los servicios de inteligencia no anticiparon la magnitud de la llegada masiva de migrantes y destac\u00f3 la cooperaci\u00f3n de Rabat durante la emergencia.<\/p><\/blockquote><\/figure>\n\n\n\n<p class=\"has-drop-cap wp-block-paragraph\">El presidente del Gobierno de Espa\u00f1a, Pedro S\u00e1nchez, descart\u00f3 que Marruecos haya tenido un papel negativo en la crisis migratoria registrada en Ceuta a finales de julio y defendi\u00f3 la cooperaci\u00f3n de Rabat para contener la emergencia.<br><\/p>\n\n\n\n<p class=\"wp-block-paragraph\">En una entrevista radiof\u00f3nica, S\u00e1nchez explic\u00f3 que el Centro Nacional de Inteligencia (CNI) y la Polic\u00eda Nacional contaban con informes sobre la situaci\u00f3n en la frontera durante los d\u00edas previos a la entrada masiva de migrantes, pero ninguno permit\u00eda prever la magnitud ni la gravedad de los acontecimientos registrados el 30 y 31 de julio.<br><\/p>\n\n\n\n<p class=\"wp-block-paragraph\">El mandatario se\u00f1al\u00f3 que la cooperaci\u00f3n con Marruecos en materia migratoria es actualmente \u201cfrancamente positiva\u201d y consider\u00f3 indispensable mantenerla para evitar que este tipo de crisis se agrave.<br><\/p>\n\n\n\n<p class=\"wp-block-paragraph\">S\u00e1nchez afirm\u00f3 que las autoridades marroqu\u00edes ofrecieron una respuesta inmediata y que ambos gobiernos permanecieron en comunicaci\u00f3n constante durante los momentos m\u00e1s cr\u00edticos. Seg\u00fan su relato, el 31 de julio comenz\u00f3 a observarse un importante despliegue operativo del lado marroqu\u00ed ante la llegada masiva de personas.<br><\/p>\n\n\n\n<p class=\"wp-block-paragraph\">El presidente espa\u00f1ol rechaz\u00f3 adem\u00e1s que exista una falta de confianza entre ambos pa\u00edses y subray\u00f3 que la coordinaci\u00f3n con Marruecos es un elemento fundamental para enfrentar la inmigraci\u00f3n irregular.<br><\/p>\n\n\n\n<p class=\"wp-block-paragraph\">Sus declaraciones se producen despu\u00e9s de que cerca de 72 mil migrantes ingresaran masivamente a Ceuta, un episodio que puso nuevamente en el centro del debate la gesti\u00f3n de la frontera espa\u00f1ola con Marruecos y los mecanismos de cooperaci\u00f3n entre ambos pa\u00edses.<\/p>\n","protected":false},"excerpt":{"rendered":"<p>El presidente espa\u00f1ol asegur\u00f3 que los servicios de inteligencia no anticiparon la magnitud de la llegada masiva de migrantes y destac\u00f3 la cooperaci\u00f3n de Rabat durante la emergencia. El presidente del Gobierno de Espa\u00f1a, Pedro S\u00e1nchez, descart\u00f3 que Marruecos haya tenido un papel negativo en la crisis migratoria registrada en Ceuta a finales de julio [&hellip;]<\/p>\n","protected":false},"author":1,"featured_media":89220,"comment_status":"closed","ping_status":"closed","sticky":false,"template":"","format":"standard","meta":{"footnotes":""},"categories":[80],"tags":[],"class_list":["post-89216","post","type-post","status-publish","format-standard","has-post-thumbnail","hentry","category-mundo"],"_links":{"self":[{"href":"https:\/\/themexicopost.com\/index.php?rest_route=\/wp\/v2\/posts\/89216","targetHints":{"allow":["GET"]}}],"collection":[{"href":"https:\/\/themexicopost.com\/index.php?rest_route=\/wp\/v2\/posts"}],"about":[{"href":"https:\/\/themexicopost.com\/index.php?rest_route=\/wp\/v2\/types\/post"}],"author":[{"embeddable":true,"href":"https:\/\/themexicopost.com\/index.php?rest_route=\/wp\/v2\/users\/1"}],"replies":[{"embeddable":true,"href":"https:\/\/themexicopost.com\/index.php?rest_route=%2Fwp%2Fv2%2Fcomments&post=89216"}],"version-history":[{"count":1,"href":"https:\/\/themexicopost.com\/index.php?rest_route=\/wp\/v2\/posts\/89216\/revisions"}],"predecessor-version":[{"id":89221,"href":"https:\/\/themexicopost.com\/index.php?rest_route=\/wp\/v2\/posts\/89216\/revisions\/89221"}],"wp:featuredmedia":[{"embeddable":true,"href":"https:\/\/themexicopost.com\/index.php?rest_route=\/wp\/v2\/media\/89220"}],"wp:attachment":[{"href":"https:\/\/themexicopost.com\/index.php?rest_route=%2Fwp%2Fv2%2Fmedia&parent=89216"}],"wp:term":[{"taxonomy":"category","embeddable":true,"href":"https:\/\/themexicopost.com\/index.php?rest_route=%2Fwp%2Fv2%2Fcategories&post=89216"},{"taxonomy":"post_tag","embeddable":true,"href":"https:\/\/themexicopost.com\/index.php?rest_route=%2Fwp%2Fv2%2Ftags&post=89216"}],"curies":[{"name":"wp","href":"https:\/\/api.w.org\/{rel}","templated":true}]}}