{"id":89219,"date":"2026-09-01T06:23:29","date_gmt":"2026-09-01T12:23:29","guid":{"rendered":"https:\/\/themexicopost.com\/?p=89219"},"modified":"2026-09-01T06:23:32","modified_gmt":"2026-09-01T12:23:32","slug":"onu-alerta-por-escalada-eua-e-iran-retoman-ataques-tras-un-mes-de-calma","status":"publish","type":"post","link":"https:\/\/themexicopost.com\/?p=89219","title":{"rendered":"ONU alerta por escalada: EUA e Ir\u00e1n retoman ataques tras un mes de calma"},"content":{"rendered":"\n<figure class=\"wp-block-pullquote\"><blockquote><p>Ant\u00f3nio Guterres pidi\u00f3 m\u00e1xima moderaci\u00f3n y urgi\u00f3 a Washington y Teher\u00e1n a regresar a la v\u00eda diplom\u00e1tica para evitar una nueva crisis regional.<\/p><\/blockquote><\/figure>\n\n\n\n<p class=\"has-drop-cap wp-block-paragraph\">El secretario general de la ONU, Ant\u00f3nio Guterres, calific\u00f3 como \u201cmuy lamentable\u201d la reanudaci\u00f3n de las hostilidades entre Estados Unidos e Ir\u00e1n, luego de un mes de relativa calma marcado por el estancamiento de las negociaciones entre ambas partes.<br><\/p>\n\n\n\n<p class=\"wp-block-paragraph\">A trav\u00e9s de su portavoz, St\u00e9phane Dujarric, Guterres expres\u00f3 su preocupaci\u00f3n por el regreso de los ataques y pidi\u00f3 a Washington y Teher\u00e1n actuar con \u201cla m\u00e1xima moderaci\u00f3n\u201d, ante el riesgo de que la escalada termine afectando la estabilidad de toda la regi\u00f3n.<br><\/p>\n\n\n\n<p class=\"wp-block-paragraph\">Estados Unidos inform\u00f3 que realiz\u00f3 un ataque contra dos plataformas de lanzamiento de cohetes ubicadas en la isla iran\u00ed de Larak. De acuerdo con el Comando Central estadounidense (CENTCOM), las instalaciones pod\u00edan ser utilizadas mientras Ir\u00e1n preparaba el despliegue de minas marinas en el estrecho de Ormuz.<br><\/p>\n\n\n\n<p class=\"wp-block-paragraph\">Posteriormente, CENTCOM neg\u00f3 versiones sobre un superpetrolero que supuestamente habr\u00eda impactado contra minas en esa estrat\u00e9gica v\u00eda mar\u00edtima y asegur\u00f3 que ning\u00fan barco hab\u00eda golpeado artefactos explosivos en la zona.<br><\/p>\n\n\n\n<p class=\"wp-block-paragraph\">Ir\u00e1n respondi\u00f3 con ataques contra bases estadounidenses ubicadas en Jordania y Emiratos \u00c1rabes Unidos, elevando nuevamente la tensi\u00f3n entre ambos pa\u00edses.<br><\/p>\n\n\n\n<p class=\"wp-block-paragraph\">Ante este escenario, Guterres llam\u00f3 a retomar las conversaciones diplom\u00e1ticas y alcanzar un acuerdo que permita recuperar la estabilidad y reconstruir la confianza en Medio Oriente.<\/p>\n","protected":false},"excerpt":{"rendered":"<p>Ant\u00f3nio Guterres pidi\u00f3 m\u00e1xima moderaci\u00f3n y urgi\u00f3 a Washington y Teher\u00e1n a regresar a la v\u00eda diplom\u00e1tica para evitar una nueva crisis regional. El secretario general de la ONU, Ant\u00f3nio Guterres, calific\u00f3 como \u201cmuy lamentable\u201d la reanudaci\u00f3n de las hostilidades entre Estados Unidos e Ir\u00e1n, luego de un mes de relativa calma marcado por el [&hellip;]<\/p>\n","protected":false},"author":1,"featured_media":89223,"comment_status":"closed","ping_status":"closed","sticky":false,"template":"","format":"standard","meta":{"footnotes":""},"categories":[83,80],"tags":[],"class_list":["post-89219","post","type-post","status-publish","format-standard","has-post-thumbnail","hentry","category-destacado","category-mundo"],"_links":{"self":[{"href":"https:\/\/themexicopost.com\/index.php?rest_route=\/wp\/v2\/posts\/89219","targetHints":{"allow":["GET"]}}],"collection":[{"href":"https:\/\/themexicopost.com\/index.php?rest_route=\/wp\/v2\/posts"}],"about":[{"href":"https:\/\/themexicopost.com\/index.php?rest_route=\/wp\/v2\/types\/post"}],"author":[{"embeddable":true,"href":"https:\/\/themexicopost.com\/index.php?rest_route=\/wp\/v2\/users\/1"}],"replies":[{"embeddable":true,"href":"https:\/\/themexicopost.com\/index.php?rest_route=%2Fwp%2Fv2%2Fcomments&post=89219"}],"version-history":[{"count":1,"href":"https:\/\/themexicopost.com\/index.php?rest_route=\/wp\/v2\/posts\/89219\/revisions"}],"predecessor-version":[{"id":89224,"href":"https:\/\/themexicopost.com\/index.php?rest_route=\/wp\/v2\/posts\/89219\/revisions\/89224"}],"wp:featuredmedia":[{"embeddable":true,"href":"https:\/\/themexicopost.com\/index.php?rest_route=\/wp\/v2\/media\/89223"}],"wp:attachment":[{"href":"https:\/\/themexicopost.com\/index.php?rest_route=%2Fwp%2Fv2%2Fmedia&parent=89219"}],"wp:term":[{"taxonomy":"category","embeddable":true,"href":"https:\/\/themexicopost.com\/index.php?rest_route=%2Fwp%2Fv2%2Fcategories&post=89219"},{"taxonomy":"post_tag","embeddable":true,"href":"https:\/\/themexicopost.com\/index.php?rest_route=%2Fwp%2Fv2%2Ftags&post=89219"}],"curies":[{"name":"wp","href":"https:\/\/api.w.org\/{rel}","templated":true}]}}