{"id":89225,"date":"2026-09-01T06:25:31","date_gmt":"2026-09-01T12:25:31","guid":{"rendered":"https:\/\/themexicopost.com\/?p=89225"},"modified":"2026-09-01T06:25:34","modified_gmt":"2026-09-01T12:25:34","slug":"alemania-cierra-un-verano-historico-con-records-de-calor-sequia-y-horas-de-sol","status":"publish","type":"post","link":"https:\/\/themexicopost.com\/?p=89225","title":{"rendered":"Alemania cierra un verano hist\u00f3rico con r\u00e9cords de calor, sequ\u00eda y horas de sol"},"content":{"rendered":"\n<figure class=\"wp-block-pullquote\"><blockquote><p>El verano de 2026 se perfila como uno de los m\u00e1s c\u00e1lidos desde que existen registros, con temperaturas de hasta 41.8 grados y lluvias muy por debajo del promedio.<\/p><\/blockquote><\/figure>\n\n\n\n<p class=\"has-drop-cap wp-block-paragraph\">El verano de 2026 pasar\u00e1 a la historia meteorol\u00f3gica de Alemania por sus temperaturas extremas, la escasez de lluvias y una cantidad excepcional de horas de sol, de acuerdo con un balance preliminar presentado este lunes por el Servicio Meteorol\u00f3gico Alem\u00e1n (DWD).<br><\/p>\n\n\n\n<p class=\"wp-block-paragraph\">Con una temperatura media que a\u00fan est\u00e1 en proceso de c\u00e1lculo, el verano de este a\u00f1o podr\u00eda convertirse en el segundo m\u00e1s c\u00e1lido registrado en el pa\u00eds, solo por detr\u00e1s de 2003, cuando se alcanzaron 19.7 grados de promedio.<br><\/p>\n\n\n\n<p class=\"wp-block-paragraph\">Uno de los episodios m\u00e1s extremos ocurri\u00f3 el 27 de junio, cuando la localidad de M\u00f6ckern-Drewitz, en Sajonia-Anhalt, registr\u00f3 una temperatura provisional r\u00e9cord de 41.8 grados. Esa misma ola de calor, que se prolong\u00f3 del 18 al 28 de junio, provoc\u00f3 tambi\u00e9n una noche excepcionalmente c\u00e1lida: en Kubsch\u00fctz, Sajonia, el term\u00f3metro no descendi\u00f3 de los 29.4 grados, la temperatura m\u00ednima nocturna m\u00e1s alta registrada en Alemania.<br><\/p>\n\n\n\n<p class=\"wp-block-paragraph\">En total, el pa\u00eds acumul\u00f3 alrededor de 22 d\u00edas con temperaturas de al menos 30 grados y unos cinco d\u00edas de calor extremo, con registros superiores a los 35 grados.<br><\/p>\n\n\n\n<p class=\"wp-block-paragraph\">La falta de precipitaciones agrav\u00f3 las condiciones. Alemania recibi\u00f3 aproximadamente 171 litros de lluvia por metro cuadrado, apenas 72 por ciento de la media clim\u00e1tica de 239 litros. La sequ\u00eda contribuy\u00f3 al descenso de los niveles de los r\u00edos y favoreci\u00f3 incendios forestales y de vegetaci\u00f3n en distintas regiones.<br><\/p>\n\n\n\n<p class=\"wp-block-paragraph\">En contraste, el pa\u00eds registr\u00f3 unas 779 horas de sol durante el verano, coloc\u00e1ndose entre los cinco periodos estivales m\u00e1s soleados desde que comenzaron las mediciones en 1951. En algunas zonas del sur, la exposici\u00f3n solar acumulada lleg\u00f3 a cerca de 900 horas.<\/p>\n","protected":false},"excerpt":{"rendered":"<p>El verano de 2026 se perfila como uno de los m\u00e1s c\u00e1lidos desde que existen registros, con temperaturas de hasta 41.8 grados y lluvias muy por debajo del promedio. El verano de 2026 pasar\u00e1 a la historia meteorol\u00f3gica de Alemania por sus temperaturas extremas, la escasez de lluvias y una cantidad excepcional de horas de [&hellip;]<\/p>\n","protected":false},"author":1,"featured_media":89229,"comment_status":"closed","ping_status":"closed","sticky":false,"template":"","format":"standard","meta":{"footnotes":""},"categories":[83,80,85],"tags":[],"class_list":["post-89225","post","type-post","status-publish","format-standard","has-post-thumbnail","hentry","category-destacado","category-mundo","category-portada"],"_links":{"self":[{"href":"https:\/\/themexicopost.com\/index.php?rest_route=\/wp\/v2\/posts\/89225","targetHints":{"allow":["GET"]}}],"collection":[{"href":"https:\/\/themexicopost.com\/index.php?rest_route=\/wp\/v2\/posts"}],"about":[{"href":"https:\/\/themexicopost.com\/index.php?rest_route=\/wp\/v2\/types\/post"}],"author":[{"embeddable":true,"href":"https:\/\/themexicopost.com\/index.php?rest_route=\/wp\/v2\/users\/1"}],"replies":[{"embeddable":true,"href":"https:\/\/themexicopost.com\/index.php?rest_route=%2Fwp%2Fv2%2Fcomments&post=89225"}],"version-history":[{"count":1,"href":"https:\/\/themexicopost.com\/index.php?rest_route=\/wp\/v2\/posts\/89225\/revisions"}],"predecessor-version":[{"id":89230,"href":"https:\/\/themexicopost.com\/index.php?rest_route=\/wp\/v2\/posts\/89225\/revisions\/89230"}],"wp:featuredmedia":[{"embeddable":true,"href":"https:\/\/themexicopost.com\/index.php?rest_route=\/wp\/v2\/media\/89229"}],"wp:attachment":[{"href":"https:\/\/themexicopost.com\/index.php?rest_route=%2Fwp%2Fv2%2Fmedia&parent=89225"}],"wp:term":[{"taxonomy":"category","embeddable":true,"href":"https:\/\/themexicopost.com\/index.php?rest_route=%2Fwp%2Fv2%2Fcategories&post=89225"},{"taxonomy":"post_tag","embeddable":true,"href":"https:\/\/themexicopost.com\/index.php?rest_route=%2Fwp%2Fv2%2Ftags&post=89225"}],"curies":[{"name":"wp","href":"https:\/\/api.w.org\/{rel}","templated":true}]}}