{"id":89228,"date":"2026-09-01T06:26:32","date_gmt":"2026-09-01T12:26:32","guid":{"rendered":"https:\/\/themexicopost.com\/?p=89228"},"modified":"2026-09-01T06:26:34","modified_gmt":"2026-09-01T12:26:34","slug":"ue-suspendera-importaciones-de-carne-y-otros-productos-de-brasil","status":"publish","type":"post","link":"https:\/\/themexicopost.com\/?p=89228","title":{"rendered":"UE suspender\u00e1 importaciones de carne y otros productos de Brasil"},"content":{"rendered":"\n<figure class=\"wp-block-pullquote\"><blockquote><p>La medida entrar\u00e1 en vigor el 3 de septiembre ante las dudas de Bruselas sobre el cumplimiento de las normas sanitarias en la producci\u00f3n ganadera brasile\u00f1a.<\/p><\/blockquote><\/figure>\n\n\n\n<p class=\"has-drop-cap wp-block-paragraph\">La Uni\u00f3n Europea suspender\u00e1 a partir del pr\u00f3ximo jueves 3 de septiembre las importaciones de carne de vacuno y aves de corral procedentes de Brasil, despu\u00e9s de considerar insuficientes las garant\u00edas ofrecidas por el pa\u00eds sudamericano sobre el cumplimiento de las normas sanitarias del bloque.<br><\/p>\n\n\n\n<p class=\"wp-block-paragraph\">La Comisi\u00f3n Europea inform\u00f3 que Brasil fue retirado en mayo de la lista de pa\u00edses que cumplen con las reglas comunitarias relacionadas con el uso de determinados antibi\u00f3ticos en la producci\u00f3n ganadera. Bruselas sostiene que las autoridades brasile\u00f1as a\u00fan no han presentado garant\u00edas suficientes para revertir esa decisi\u00f3n.<br><\/p>\n\n\n\n<p class=\"wp-block-paragraph\">La medida forma parte de la estrategia europea para combatir la resistencia de los microorganismos a los medicamentos. Las normas de la UE proh\u00edben utilizar antibi\u00f3ticos para promover el crecimiento del ganado y restringen el empleo de antimicrobianos reservados para tratar infecciones humanas.<br><\/p>\n\n\n\n<p class=\"wp-block-paragraph\">Brasil es uno de los principales proveedores de productos agropecuarios del mercado europeo. Durante 2025 se convirti\u00f3 en el segundo mayor exportador de carne de vacuno a la UE, con m\u00e1s de 92 mil toneladas comercializadas por un valor superior a 713 millones de euros.<br><\/p>\n\n\n\n<p class=\"wp-block-paragraph\">La suspensi\u00f3n tambi\u00e9n alcanza a los huevos y la miel, aunque Bruselas dej\u00f3 abierta la posibilidad de reanudar algunas importaciones. Una auditor\u00eda sobre la carne de aves y la miel est\u00e1 en curso y, si sus resultados son satisfactorios, los productos podr\u00edan volver a ingresar al mercado europeo en las pr\u00f3ximas semanas.<br><\/p>\n\n\n\n<p class=\"wp-block-paragraph\">En el caso de la carne de res, el proceso podr\u00eda ser m\u00e1s prolongado debido a los ciclos de producci\u00f3n ganadera. La Comisi\u00f3n Europea insisti\u00f3 en que las exportaciones podr\u00e1n reanudarse una vez que Brasil demuestre el cumplimiento de los requisitos sanitarios.<br><\/p>\n\n\n\n<p class=\"wp-block-paragraph\">La decisi\u00f3n ocurre adem\u00e1s en un momento relevante para las relaciones comerciales entre ambas partes, luego de la entrada en vigor provisional, el pasado 1 de mayo, del acuerdo de libre comercio entre la Uni\u00f3n Europea y el Mercosur, integrado por Argentina, Brasil, Paraguay y Uruguay.<\/p>\n","protected":false},"excerpt":{"rendered":"<p>La medida entrar\u00e1 en vigor el 3 de septiembre ante las dudas de Bruselas sobre el cumplimiento de las normas sanitarias en la producci\u00f3n ganadera brasile\u00f1a. La Uni\u00f3n Europea suspender\u00e1 a partir del pr\u00f3ximo jueves 3 de septiembre las importaciones de carne de vacuno y aves de corral procedentes de Brasil, despu\u00e9s de considerar insuficientes [&hellip;]<\/p>\n","protected":false},"author":1,"featured_media":89232,"comment_status":"closed","ping_status":"closed","sticky":false,"template":"","format":"standard","meta":{"footnotes":""},"categories":[83,80,85],"tags":[],"class_list":["post-89228","post","type-post","status-publish","format-standard","has-post-thumbnail","hentry","category-destacado","category-mundo","category-portada"],"_links":{"self":[{"href":"https:\/\/themexicopost.com\/index.php?rest_route=\/wp\/v2\/posts\/89228","targetHints":{"allow":["GET"]}}],"collection":[{"href":"https:\/\/themexicopost.com\/index.php?rest_route=\/wp\/v2\/posts"}],"about":[{"href":"https:\/\/themexicopost.com\/index.php?rest_route=\/wp\/v2\/types\/post"}],"author":[{"embeddable":true,"href":"https:\/\/themexicopost.com\/index.php?rest_route=\/wp\/v2\/users\/1"}],"replies":[{"embeddable":true,"href":"https:\/\/themexicopost.com\/index.php?rest_route=%2Fwp%2Fv2%2Fcomments&post=89228"}],"version-history":[{"count":1,"href":"https:\/\/themexicopost.com\/index.php?rest_route=\/wp\/v2\/posts\/89228\/revisions"}],"predecessor-version":[{"id":89233,"href":"https:\/\/themexicopost.com\/index.php?rest_route=\/wp\/v2\/posts\/89228\/revisions\/89233"}],"wp:featuredmedia":[{"embeddable":true,"href":"https:\/\/themexicopost.com\/index.php?rest_route=\/wp\/v2\/media\/89232"}],"wp:attachment":[{"href":"https:\/\/themexicopost.com\/index.php?rest_route=%2Fwp%2Fv2%2Fmedia&parent=89228"}],"wp:term":[{"taxonomy":"category","embeddable":true,"href":"https:\/\/themexicopost.com\/index.php?rest_route=%2Fwp%2Fv2%2Fcategories&post=89228"},{"taxonomy":"post_tag","embeddable":true,"href":"https:\/\/themexicopost.com\/index.php?rest_route=%2Fwp%2Fv2%2Ftags&post=89228"}],"curies":[{"name":"wp","href":"https:\/\/api.w.org\/{rel}","templated":true}]}}