{"id":89231,"date":"2026-09-01T06:27:35","date_gmt":"2026-09-01T12:27:35","guid":{"rendered":"https:\/\/themexicopost.com\/?p=89231"},"modified":"2026-09-01T06:27:36","modified_gmt":"2026-09-01T12:27:36","slug":"carney-sale-fortalecido-liberales-ganan-elecciones-parciales-en-canada","status":"publish","type":"post","link":"https:\/\/themexicopost.com\/?p=89231","title":{"rendered":"Carney sale fortalecido; liberales ganan elecciones parciales en Canad\u00e1"},"content":{"rendered":"\n<figure class=\"wp-block-pullquote\"><blockquote><p>El Partido Liberal se impuso en las tres circunscripciones en disputa y consolid\u00f3 la mayor\u00eda parlamentaria del primer ministro.<\/p><\/blockquote><\/figure>\n\n\n\n<p class=\"has-drop-cap wp-block-paragraph\">El primer ministro de Canad\u00e1, Mark Carney, sali\u00f3 fortalecido de las elecciones legislativas parciales celebradas este lunes, luego de que los candidatos de su Partido Liberal se impusieran en las tres circunscripciones en disputa, ubicadas en Ontario, Quebec y Columbia Brit\u00e1nica.<br><\/p>\n\n\n\n<p class=\"wp-block-paragraph\">Dos de los distritos ya estaban en manos de los liberales, mientras que el tercero, en Quebec, pertenec\u00eda hasta ahora a la oposici\u00f3n conservadora. Los resultados permiten a Carney consolidar su mayor\u00eda parlamentaria y avanzar con mayor margen en su estrategia econ\u00f3mica.<br><\/p>\n\n\n\n<p class=\"wp-block-paragraph\">La jornada electoral se desarroll\u00f3 en medio de las tensiones comerciales con Estados Unidos. Carney rompi\u00f3 recientemente las negociaciones con la Casa Blanca y respondi\u00f3 a la entrada en vigor de nuevos aranceles estadounidenses, el pasado 22 de agosto, con medidas de represalia.<br><\/p>\n\n\n\n<figure class=\"wp-block-image size-large\"><img fetchpriority=\"high\" decoding=\"async\" width=\"1024\" height=\"684\" src=\"https:\/\/themexicopost.com\/wp-content\/uploads\/2026\/09\/carney-1024x684.jpg\" alt=\"\" class=\"wp-image-89235\" srcset=\"https:\/\/themexicopost.com\/wp-content\/uploads\/2026\/09\/carney-1024x684.jpg 1024w, https:\/\/themexicopost.com\/wp-content\/uploads\/2026\/09\/carney-300x201.jpg 300w, https:\/\/themexicopost.com\/wp-content\/uploads\/2026\/09\/carney-768x513.jpg 768w, https:\/\/themexicopost.com\/wp-content\/uploads\/2026\/09\/carney.jpg 1200w\" sizes=\"(max-width: 1024px) 100vw, 1024px\" \/><\/figure>\n\n\n\n<p class=\"wp-block-paragraph\">El primer ministro ha encontrado respaldo entre la poblaci\u00f3n canadiense por su postura ante Washington. Una encuesta reciente se\u00f1ala que el 76% de los ciudadanos aprueba su manejo de la disputa comercial.<br><\/p>\n\n\n\n<p class=\"wp-block-paragraph\">Carney, exgobernador del Banco de Canad\u00e1 y del Banco de Inglaterra, asumi\u00f3 el liderazgo del Partido Liberal y el gobierno en marzo de 2025, tras sustituir a Justin Trudeau. Un mes despu\u00e9s sorprendi\u00f3 al imponerse en las elecciones generales, en parte por la percepci\u00f3n de que pod\u00eda ofrecer mayor experiencia y estabilidad econ\u00f3mica frente a las presiones de Estados Unidos.<br><\/p>\n\n\n\n<p class=\"wp-block-paragraph\">Aunque inicialmente no obtuvo mayor\u00eda absoluta, los resultados de elecciones parciales celebradas en abril y los comicios de este lunes reforzaron su posici\u00f3n en el Parlamento. El gobierno busca utilizar ese respaldo para reducir la dependencia econ\u00f3mica canadiense de su vecino del sur.<br><\/p>\n\n\n\n<p class=\"wp-block-paragraph\">Se prev\u00e9n nuevas elecciones parciales en los pr\u00f3ximos meses para cubrir los esca\u00f1os de legisladores que han renunciado. Sin embargo, las encuestas actuales indican que la mayor\u00eda de Carney, cuyo mandato se extiende hasta 2029, no estar\u00eda en riesgo inmediato.<\/p>\n","protected":false},"excerpt":{"rendered":"<p>El Partido Liberal se impuso en las tres circunscripciones en disputa y consolid\u00f3 la mayor\u00eda parlamentaria del primer ministro. El primer ministro de Canad\u00e1, Mark Carney, sali\u00f3 fortalecido de las elecciones legislativas parciales celebradas este lunes, luego de que los candidatos de su Partido Liberal se impusieran en las tres circunscripciones en disputa, ubicadas en [&hellip;]<\/p>\n","protected":false},"author":1,"featured_media":89234,"comment_status":"closed","ping_status":"closed","sticky":false,"template":"","format":"standard","meta":{"footnotes":""},"categories":[83,80,85],"tags":[],"class_list":["post-89231","post","type-post","status-publish","format-standard","has-post-thumbnail","hentry","category-destacado","category-mundo","category-portada"],"_links":{"self":[{"href":"https:\/\/themexicopost.com\/index.php?rest_route=\/wp\/v2\/posts\/89231","targetHints":{"allow":["GET"]}}],"collection":[{"href":"https:\/\/themexicopost.com\/index.php?rest_route=\/wp\/v2\/posts"}],"about":[{"href":"https:\/\/themexicopost.com\/index.php?rest_route=\/wp\/v2\/types\/post"}],"author":[{"embeddable":true,"href":"https:\/\/themexicopost.com\/index.php?rest_route=\/wp\/v2\/users\/1"}],"replies":[{"embeddable":true,"href":"https:\/\/themexicopost.com\/index.php?rest_route=%2Fwp%2Fv2%2Fcomments&post=89231"}],"version-history":[{"count":1,"href":"https:\/\/themexicopost.com\/index.php?rest_route=\/wp\/v2\/posts\/89231\/revisions"}],"predecessor-version":[{"id":89236,"href":"https:\/\/themexicopost.com\/index.php?rest_route=\/wp\/v2\/posts\/89231\/revisions\/89236"}],"wp:featuredmedia":[{"embeddable":true,"href":"https:\/\/themexicopost.com\/index.php?rest_route=\/wp\/v2\/media\/89234"}],"wp:attachment":[{"href":"https:\/\/themexicopost.com\/index.php?rest_route=%2Fwp%2Fv2%2Fmedia&parent=89231"}],"wp:term":[{"taxonomy":"category","embeddable":true,"href":"https:\/\/themexicopost.com\/index.php?rest_route=%2Fwp%2Fv2%2Fcategories&post=89231"},{"taxonomy":"post_tag","embeddable":true,"href":"https:\/\/themexicopost.com\/index.php?rest_route=%2Fwp%2Fv2%2Ftags&post=89231"}],"curies":[{"name":"wp","href":"https:\/\/api.w.org\/{rel}","templated":true}]}}