{"id":89237,"date":"2026-09-01T06:30:59","date_gmt":"2026-09-01T12:30:59","guid":{"rendered":"https:\/\/themexicopost.com\/?p=89237"},"modified":"2026-09-01T06:31:02","modified_gmt":"2026-09-01T12:31:02","slug":"putin-y-xi-jinping-estrechan-alianza-y-refuerzan-cooperacion-entre-rusia-y-china","status":"publish","type":"post","link":"https:\/\/themexicopost.com\/?p=89237","title":{"rendered":"PUTIN Y XI JINPING ESTRECHAN ALIANZA Y REFUERZAN COOPERACI\u00d3N ENTRE RUSIA Y CHINA"},"content":{"rendered":"\n<figure class=\"wp-block-pullquote\"><blockquote><p>Los mandatarios destacaron el avance de sus relaciones econ\u00f3micas y energ\u00e9ticas, mientras la guerra en Ucrania qued\u00f3 en segundo plano durante su encuentro.<\/p><\/blockquote><\/figure>\n\n\n\n<p class=\"has-drop-cap wp-block-paragraph\">El presidente de Rusia, Vlad\u00edmir Putin, y su hom\u00f3logo chino, Xi Jinping, se reunieron este lunes en Biskek, Kirguist\u00e1n, en el marco de la cumbre de la Organizaci\u00f3n de Cooperaci\u00f3n de Shangh\u00e1i (OCS), que este a\u00f1o conmemora su 25.\u00ba aniversario.<br><\/p>\n\n\n\n<figure class=\"wp-block-image size-large\"><img fetchpriority=\"high\" decoding=\"async\" width=\"1024\" height=\"684\" src=\"https:\/\/themexicopost.com\/wp-content\/uploads\/2026\/09\/putin-2-1024x684.jpg\" alt=\"\" class=\"wp-image-89239\" srcset=\"https:\/\/themexicopost.com\/wp-content\/uploads\/2026\/09\/putin-2-1024x684.jpg 1024w, https:\/\/themexicopost.com\/wp-content\/uploads\/2026\/09\/putin-2-300x201.jpg 300w, https:\/\/themexicopost.com\/wp-content\/uploads\/2026\/09\/putin-2-768x513.jpg 768w, https:\/\/themexicopost.com\/wp-content\/uploads\/2026\/09\/putin-2.jpg 1200w\" sizes=\"(max-width: 1024px) 100vw, 1024px\" \/><\/figure>\n\n\n\n<p class=\"wp-block-paragraph\">Durante el encuentro, Putin destac\u00f3 el crecimiento de la cooperaci\u00f3n entre Mosc\u00fa y Pek\u00edn y asegur\u00f3 que ambos pa\u00edses mantienen una estrecha coordinaci\u00f3n en sectores estrat\u00e9gicos como energ\u00eda, industria, transporte, log\u00edstica y exploraci\u00f3n espacial. El mandatario ruso tambi\u00e9n propuso avanzar hacia un r\u00e9gimen permanente de exenci\u00f3n de visas, al se\u00f1alar que el turismo entre ambas naciones aument\u00f3 43 por ciento durante el primer semestre del a\u00f1o.<br><\/p>\n\n\n\n<p class=\"wp-block-paragraph\">Putin subray\u00f3 adem\u00e1s que Rusia y China mantienen posiciones coincidentes en numerosos asuntos internacionales y destac\u00f3 el papel que ambos pa\u00edses han desempe\u00f1ado en el fortalecimiento de la OCS, organismo que ha ampliado su alcance con la incorporaci\u00f3n y participaci\u00f3n de nuevos pa\u00edses.<br><\/p>\n\n\n\n<figure class=\"wp-block-image size-large\"><img decoding=\"async\" width=\"1024\" height=\"684\" src=\"https:\/\/themexicopost.com\/wp-content\/uploads\/2026\/09\/putin-1024x684.jpg\" alt=\"\" class=\"wp-image-89240\" srcset=\"https:\/\/themexicopost.com\/wp-content\/uploads\/2026\/09\/putin-1024x684.jpg 1024w, https:\/\/themexicopost.com\/wp-content\/uploads\/2026\/09\/putin-300x201.jpg 300w, https:\/\/themexicopost.com\/wp-content\/uploads\/2026\/09\/putin-768x513.jpg 768w, https:\/\/themexicopost.com\/wp-content\/uploads\/2026\/09\/putin.jpg 1200w\" sizes=\"(max-width: 1024px) 100vw, 1024px\" \/><\/figure>\n\n\n\n<p class=\"wp-block-paragraph\">Uno de los asuntos de inter\u00e9s para Mosc\u00fa es el proyecto del gasoducto Fuerza de Siberia-2, una iniciativa estrat\u00e9gica para incrementar el suministro de gas ruso hacia China. El acuerdo definitivo sobre esta obra no pudo concretarse durante la visita de Putin al gigante asi\u00e1tico en mayo pasado, por lo que el proyecto contin\u00faa entre los temas pendientes de la relaci\u00f3n bilateral.<br><\/p>\n\n\n\n<p class=\"wp-block-paragraph\">El portavoz del Kremlin, Dmitri Peskov, calific\u00f3 la conversaci\u00f3n como \u201cconstructiva y cordial\u201d y se\u00f1al\u00f3 que los mandatarios concentraron sus esfuerzos principalmente en la agenda bilateral. Respecto a la guerra en Ucrania, explic\u00f3 que el conflicto fue mencionado de manera general y no fue objeto de una discusi\u00f3n detallada.<br><\/p>\n\n\n\n<figure class=\"wp-block-image size-large\"><img decoding=\"async\" width=\"1024\" height=\"684\" src=\"https:\/\/themexicopost.com\/wp-content\/uploads\/2026\/09\/putin-3-1024x684.jpg\" alt=\"\" class=\"wp-image-89241\" srcset=\"https:\/\/themexicopost.com\/wp-content\/uploads\/2026\/09\/putin-3-1024x684.jpg 1024w, https:\/\/themexicopost.com\/wp-content\/uploads\/2026\/09\/putin-3-300x201.jpg 300w, https:\/\/themexicopost.com\/wp-content\/uploads\/2026\/09\/putin-3-768x513.jpg 768w, https:\/\/themexicopost.com\/wp-content\/uploads\/2026\/09\/putin-3.jpg 1200w\" sizes=\"(max-width: 1024px) 100vw, 1024px\" \/><\/figure>\n\n\n\n<p class=\"wp-block-paragraph\">La reuni\u00f3n ocurre en un momento de creciente coordinaci\u00f3n entre Mosc\u00fa y Pek\u00edn frente a diversos escenarios internacionales y econ\u00f3micos. Aunque ambos gobiernos mantienen una asociaci\u00f3n estrat\u00e9gica, China ha evitado involucrarse directamente en el conflicto militar de Ucrania y sostiene su propia postura diplom\u00e1tica frente a la guerra.<br><\/p>\n\n\n\n<p class=\"wp-block-paragraph\">La agenda de Putin en Biskek contempla tambi\u00e9n encuentros con otros l\u00edderes, entre ellos el primer ministro de India, Narendra Modi; el presidente de Ir\u00e1n, Masud Pezeshkian, y el mandatario de Turqu\u00eda, Recep Tayyip Erdogan. Al t\u00e9rmino de la cumbre, los pa\u00edses participantes prev\u00e9n firmar cerca de una veintena de acuerdos y emitir una declaraci\u00f3n conjunta.<\/p>\n","protected":false},"excerpt":{"rendered":"<p>Los mandatarios destacaron el avance de sus relaciones econ\u00f3micas y energ\u00e9ticas, mientras la guerra en Ucrania qued\u00f3 en segundo plano durante su encuentro.<\/p>\n","protected":false},"author":1,"featured_media":89238,"comment_status":"closed","ping_status":"closed","sticky":false,"template":"","format":"standard","meta":{"footnotes":""},"categories":[83,80,85],"tags":[],"class_list":["post-89237","post","type-post","status-publish","format-standard","has-post-thumbnail","hentry","category-destacado","category-mundo","category-portada"],"_links":{"self":[{"href":"https:\/\/themexicopost.com\/index.php?rest_route=\/wp\/v2\/posts\/89237","targetHints":{"allow":["GET"]}}],"collection":[{"href":"https:\/\/themexicopost.com\/index.php?rest_route=\/wp\/v2\/posts"}],"about":[{"href":"https:\/\/themexicopost.com\/index.php?rest_route=\/wp\/v2\/types\/post"}],"author":[{"embeddable":true,"href":"https:\/\/themexicopost.com\/index.php?rest_route=\/wp\/v2\/users\/1"}],"replies":[{"embeddable":true,"href":"https:\/\/themexicopost.com\/index.php?rest_route=%2Fwp%2Fv2%2Fcomments&post=89237"}],"version-history":[{"count":1,"href":"https:\/\/themexicopost.com\/index.php?rest_route=\/wp\/v2\/posts\/89237\/revisions"}],"predecessor-version":[{"id":89242,"href":"https:\/\/themexicopost.com\/index.php?rest_route=\/wp\/v2\/posts\/89237\/revisions\/89242"}],"wp:featuredmedia":[{"embeddable":true,"href":"https:\/\/themexicopost.com\/index.php?rest_route=\/wp\/v2\/media\/89238"}],"wp:attachment":[{"href":"https:\/\/themexicopost.com\/index.php?rest_route=%2Fwp%2Fv2%2Fmedia&parent=89237"}],"wp:term":[{"taxonomy":"category","embeddable":true,"href":"https:\/\/themexicopost.com\/index.php?rest_route=%2Fwp%2Fv2%2Fcategories&post=89237"},{"taxonomy":"post_tag","embeddable":true,"href":"https:\/\/themexicopost.com\/index.php?rest_route=%2Fwp%2Fv2%2Ftags&post=89237"}],"curies":[{"name":"wp","href":"https:\/\/api.w.org\/{rel}","templated":true}]}}