{"id":89258,"date":"2026-09-02T06:53:11","date_gmt":"2026-09-02T12:53:11","guid":{"rendered":"https:\/\/themexicopost.com\/?p=89258"},"modified":"2026-09-02T06:53:13","modified_gmt":"2026-09-02T12:53:13","slug":"clara-brugada-fortalece-atencion-ciudadana-y-respalda-a-jovenes-ajedrecistas","status":"publish","type":"post","link":"https:\/\/themexicopost.com\/?p=89258","title":{"rendered":"Clara Brugada fortalece atenci\u00f3n ciudadana y respalda a j\u00f3venes ajedrecistas"},"content":{"rendered":"\n<figure class=\"wp-block-pullquote\"><blockquote><p>Encabez\u00f3 una nueva jornada de Audiencia Ciudadana, donde fueron atendidas 2993 personas.<\/p><\/blockquote><\/figure>\n\n\n\n<p class=\"has-drop-cap wp-block-paragraph\">La jefa de Gobierno, Clara Brugada Molina, encabez\u00f3 la jornada n\u00famero 29 de Audiencias Ciudadanas de este a\u00f1o, en la que fueron atendidas 2993 personas, quienes presentaron proyectos, solicitudes y propuestas a trav\u00e9s de mil 285 c\u00e9dulas.<br><\/p>\n\n\n\n<p class=\"wp-block-paragraph\">Durante la jornada del programa Z\u00f3calo de Gobierno Ciudadano, la mandataria capitalina recibi\u00f3 directamente a 35 ciudadanas y ciudadanos, quienes expusieron cinco casos relacionados con distintas necesidades y propuestas.<br><\/p>\n\n\n\n<p class=\"wp-block-paragraph\">Entre las atenciones destac\u00f3 la participaci\u00f3n de ni\u00f1as, ni\u00f1os y j\u00f3venes ajedrecistas, campeones de diferentes categor\u00edas, quienes acudieron para invitar a la poblaci\u00f3n al Segundo Festejo por el D\u00eda Internacional del Ajedrez.<br><\/p>\n\n\n\n<p class=\"wp-block-paragraph\">Brugada Molina felicit\u00f3 a las y los j\u00f3venes por su trayectoria y destac\u00f3 que el ajedrez representa una actividad que re\u00fane deporte, cultura y ciencia. Asimismo, se comprometi\u00f3 a garantizar los apoyos necesarios para la realizaci\u00f3n del encuentro e instruy\u00f3 a la Secretar\u00eda de Cultura capitalina a proporcionar los insumos requeridos.<br><\/p>\n\n\n\n<p class=\"wp-block-paragraph\">El festejo se llevar\u00e1 a cabo el pr\u00f3ximo domingo 20 de septiembre, a partir de las 9:30 horas, en el Monumento a la Revoluci\u00f3n, por lo que la jefa de Gobierno invit\u00f3 a las familias capitalinas a participar.<br><\/p>\n\n\n\n<p class=\"wp-block-paragraph\">La jornada ciudadana tambi\u00e9n cont\u00f3 con la participaci\u00f3n de titulares del Gabinete Legal y ampliado, as\u00ed como de organismos descentralizados y aut\u00f3nomos. En la Carpa General fueron atendidas mil 76 personas, mientras que en la Carpa de Contenci\u00f3n se brind\u00f3 atenci\u00f3n a 127 personas que acudieron en representaci\u00f3n de mil 536 ciudadanos.<\/p>\n","protected":false},"excerpt":{"rendered":"<p>Encabez\u00f3 una nueva jornada de Audiencia Ciudadana, donde fueron atendidas 2993 personas. La jefa de Gobierno, Clara Brugada Molina, encabez\u00f3 la jornada n\u00famero 29 de Audiencias Ciudadanas de este a\u00f1o, en la que fueron atendidas 2993 personas, quienes presentaron proyectos, solicitudes y propuestas a trav\u00e9s de mil 285 c\u00e9dulas. Durante la jornada del programa Z\u00f3calo [&hellip;]<\/p>\n","protected":false},"author":1,"featured_media":89262,"comment_status":"closed","ping_status":"closed","sticky":false,"template":"","format":"standard","meta":{"footnotes":""},"categories":[82,83],"tags":[],"class_list":["post-89258","post","type-post","status-publish","format-standard","has-post-thumbnail","hentry","category-cdmx","category-destacado"],"_links":{"self":[{"href":"https:\/\/themexicopost.com\/index.php?rest_route=\/wp\/v2\/posts\/89258","targetHints":{"allow":["GET"]}}],"collection":[{"href":"https:\/\/themexicopost.com\/index.php?rest_route=\/wp\/v2\/posts"}],"about":[{"href":"https:\/\/themexicopost.com\/index.php?rest_route=\/wp\/v2\/types\/post"}],"author":[{"embeddable":true,"href":"https:\/\/themexicopost.com\/index.php?rest_route=\/wp\/v2\/users\/1"}],"replies":[{"embeddable":true,"href":"https:\/\/themexicopost.com\/index.php?rest_route=%2Fwp%2Fv2%2Fcomments&post=89258"}],"version-history":[{"count":1,"href":"https:\/\/themexicopost.com\/index.php?rest_route=\/wp\/v2\/posts\/89258\/revisions"}],"predecessor-version":[{"id":89263,"href":"https:\/\/themexicopost.com\/index.php?rest_route=\/wp\/v2\/posts\/89258\/revisions\/89263"}],"wp:featuredmedia":[{"embeddable":true,"href":"https:\/\/themexicopost.com\/index.php?rest_route=\/wp\/v2\/media\/89262"}],"wp:attachment":[{"href":"https:\/\/themexicopost.com\/index.php?rest_route=%2Fwp%2Fv2%2Fmedia&parent=89258"}],"wp:term":[{"taxonomy":"category","embeddable":true,"href":"https:\/\/themexicopost.com\/index.php?rest_route=%2Fwp%2Fv2%2Fcategories&post=89258"},{"taxonomy":"post_tag","embeddable":true,"href":"https:\/\/themexicopost.com\/index.php?rest_route=%2Fwp%2Fv2%2Ftags&post=89258"}],"curies":[{"name":"wp","href":"https:\/\/api.w.org\/{rel}","templated":true}]}}