{"id":89261,"date":"2026-09-02T06:53:55","date_gmt":"2026-09-02T12:53:55","guid":{"rendered":"https:\/\/themexicopost.com\/?p=89261"},"modified":"2026-09-02T06:53:56","modified_gmt":"2026-09-02T12:53:56","slug":"yucatan-impulsa-el-mes-del-testamento-para-proteger-el-patrimonio-familiar","status":"publish","type":"post","link":"https:\/\/themexicopost.com\/?p=89261","title":{"rendered":"Yucat\u00e1n impulsa el Mes del Testamento para proteger el patrimonio familiar"},"content":{"rendered":"\n<figure class=\"wp-block-pullquote\"><blockquote><p>Joaqu\u00edn D\u00edaz Mena elimina derechos para testamentos ol\u00f3grafos y ofrece tarifas preferenciales para facilitar este tr\u00e1mite durante septiembre.<\/p><\/blockquote><\/figure>\n\n\n\n<p class=\"has-drop-cap wp-block-paragraph\">Con el prop\u00f3sito de brindar certeza jur\u00eddica a las familias yucatecas y prevenir conflictos relacionados con la herencia de bienes, el Gobierno del Estado puso en marcha acciones especiales con motivo de septiembre, Mes del Testamento.<br><\/p>\n\n\n\n<p class=\"wp-block-paragraph\">El gobernador Joaqu\u00edn D\u00edaz Mena expidi\u00f3 el decreto 226\/2026, mediante el cual se exenta el pago de derechos por el otorgamiento de testamentos ante notario p\u00fablico, as\u00ed como por el registro y archivo de testamentos ol\u00f3grafos, es decir, aquellos elaborados de pu\u00f1o y letra.<br><\/p>\n\n\n\n<p class=\"wp-block-paragraph\">Como parte de esta estrategia, el Gobierno de Yucat\u00e1n firm\u00f3 un convenio con el Colegio Notarial de Yucat\u00e1n, con el objetivo de ampliar la participaci\u00f3n de notar\u00edas y facilitar que un mayor n\u00famero de personas pueda realizar este tr\u00e1mite.<br><\/p>\n\n\n\n<p class=\"wp-block-paragraph\">Durante septiembre, el testamento ol\u00f3grafo ser\u00e1 completamente gratuito y podr\u00e1 efectuarse en la Direcci\u00f3n del Archivo Notarial, ubicada en M\u00e9rida, previa cita.<br><\/p>\n\n\n\n<p class=\"wp-block-paragraph\">En el caso del testamento ante notario p\u00fablico, se estableci\u00f3 un costo de 2 mil 500 pesos, mientras que personas mayores, personas con discapacidad, personal de enfermer\u00eda, param\u00e9dicas, param\u00e9dicos y personal operativo de la Secretar\u00eda de Seguridad P\u00fablica podr\u00e1n acceder a una tarifa preferencial de 2 mil pesos.<br><\/p>\n\n\n\n<p class=\"wp-block-paragraph\">El consejero jur\u00eddico, Gaspar Alema\u00f1y Ortiz, destac\u00f3 que cada vez m\u00e1s personas muestran inter\u00e9s en realizar este procedimiento, debido a que permite ordenar el patrimonio familiar y establecer con claridad la voluntad sobre los bienes.<br><\/p>\n\n\n\n<p class=\"wp-block-paragraph\">Por su parte, el presidente del Colegio Notarial de Yucat\u00e1n, Ra\u00fal Alberto Pino Navarrete, se\u00f1al\u00f3 que el testamento representa un acto de responsabilidad y protecci\u00f3n hacia las familias, al contribuir a evitar conflictos legales y patrimoniales tras el fallecimiento de una persona.<br><\/p>\n\n\n\n<p class=\"wp-block-paragraph\">Las y los interesados en realizar su testamento ante notario podr\u00e1n acudir a cualquiera de las notar\u00edas participantes en Yucat\u00e1n. La ubicaci\u00f3n y datos de contacto pueden consultarse en el directorio de la Consejer\u00eda Jur\u00eddica.<\/p>\n","protected":false},"excerpt":{"rendered":"<p>Joaqu\u00edn D\u00edaz Mena elimina derechos para testamentos ol\u00f3grafos y ofrece tarifas preferenciales para facilitar este tr\u00e1mite durante septiembre. Con el prop\u00f3sito de brindar certeza jur\u00eddica a las familias yucatecas y prevenir conflictos relacionados con la herencia de bienes, el Gobierno del Estado puso en marcha acciones especiales con motivo de septiembre, Mes del Testamento. El [&hellip;]<\/p>\n","protected":false},"author":1,"featured_media":89265,"comment_status":"closed","ping_status":"closed","sticky":false,"template":"","format":"standard","meta":{"footnotes":""},"categories":[81],"tags":[],"class_list":["post-89261","post","type-post","status-publish","format-standard","has-post-thumbnail","hentry","category-nacional"],"_links":{"self":[{"href":"https:\/\/themexicopost.com\/index.php?rest_route=\/wp\/v2\/posts\/89261","targetHints":{"allow":["GET"]}}],"collection":[{"href":"https:\/\/themexicopost.com\/index.php?rest_route=\/wp\/v2\/posts"}],"about":[{"href":"https:\/\/themexicopost.com\/index.php?rest_route=\/wp\/v2\/types\/post"}],"author":[{"embeddable":true,"href":"https:\/\/themexicopost.com\/index.php?rest_route=\/wp\/v2\/users\/1"}],"replies":[{"embeddable":true,"href":"https:\/\/themexicopost.com\/index.php?rest_route=%2Fwp%2Fv2%2Fcomments&post=89261"}],"version-history":[{"count":1,"href":"https:\/\/themexicopost.com\/index.php?rest_route=\/wp\/v2\/posts\/89261\/revisions"}],"predecessor-version":[{"id":89266,"href":"https:\/\/themexicopost.com\/index.php?rest_route=\/wp\/v2\/posts\/89261\/revisions\/89266"}],"wp:featuredmedia":[{"embeddable":true,"href":"https:\/\/themexicopost.com\/index.php?rest_route=\/wp\/v2\/media\/89265"}],"wp:attachment":[{"href":"https:\/\/themexicopost.com\/index.php?rest_route=%2Fwp%2Fv2%2Fmedia&parent=89261"}],"wp:term":[{"taxonomy":"category","embeddable":true,"href":"https:\/\/themexicopost.com\/index.php?rest_route=%2Fwp%2Fv2%2Fcategories&post=89261"},{"taxonomy":"post_tag","embeddable":true,"href":"https:\/\/themexicopost.com\/index.php?rest_route=%2Fwp%2Fv2%2Ftags&post=89261"}],"curies":[{"name":"wp","href":"https:\/\/api.w.org\/{rel}","templated":true}]}}