{"id":89276,"date":"2026-09-02T06:58:23","date_gmt":"2026-09-02T12:58:23","guid":{"rendered":"https:\/\/themexicopost.com\/?p=89276"},"modified":"2026-09-02T06:58:24","modified_gmt":"2026-09-02T12:58:24","slug":"patricia-zarza-mantiene-compromiso-con-la-uaemex-en-salud-mental-y-prevencion-de-adicciones","status":"publish","type":"post","link":"https:\/\/themexicopost.com\/?p=89276","title":{"rendered":"Patricia Zarza mantiene compromiso con la UAEM\u00e9x en salud mental y prevenci\u00f3n de adicciones"},"content":{"rendered":"\n<figure class=\"wp-block-pullquote\"><blockquote><p>La rectora se integra al Comit\u00e9 de Salud Mental y Adicciones del Estado de M\u00e9xico para impulsar acciones de prevenci\u00f3n, atenci\u00f3n y acompa\u00f1amiento.<\/p><\/blockquote><\/figure>\n\n\n\n<p class=\"has-drop-cap wp-block-paragraph\">La rectora de la Universidad Aut\u00f3noma del Estado de M\u00e9xico (UAEM\u00e9x), Patricia Zarza Delgado, tom\u00f3 protesta como integrante del Comit\u00e9 de Salud Mental y Adicciones del Estado de M\u00e9xico, desde donde contribuir\u00e1 al fortalecimiento de estrategias de prevenci\u00f3n, atenci\u00f3n y acompa\u00f1amiento.<br><\/p>\n\n\n\n<p class=\"wp-block-paragraph\">Durante su incorporaci\u00f3n a este espacio de trabajo interinstitucional, la rectora destac\u00f3 la importancia de sumar esfuerzos con instituciones y organismos para atender de manera integral los retos relacionados con la salud mental y las adicciones.<br><\/p>\n\n\n\n<p class=\"wp-block-paragraph\">Zarza Delgado reconoci\u00f3 a la Secretar\u00eda de Salud del Estado de M\u00e9xico, encabezada por la doctora Celina Casta\u00f1eda de la Lanza, por impulsar este trabajo conjunto y refrend\u00f3 la disposici\u00f3n de la UAEM\u00e9x para participar activamente en las acciones que contribuyan al bienestar de la poblaci\u00f3n.<br><\/p>\n\n\n\n<p class=\"wp-block-paragraph\">La rectora se\u00f1al\u00f3 que la Universidad continuar\u00e1 trabajando para construir una instituci\u00f3n m\u00e1s cercana y comprometida con el bienestar de su comunidad, mediante acciones que favorezcan la prevenci\u00f3n, el acompa\u00f1amiento y una atenci\u00f3n oportuna.<br><\/p>\n\n\n\n<p class=\"wp-block-paragraph\">Con esta participaci\u00f3n, la UAEM\u00e9x fortalece su vinculaci\u00f3n con las instituciones estatales y su compromiso de contribuir, desde el \u00e1mbito universitario, a la construcci\u00f3n de entornos que favorezcan el bienestar integral de la comunidad.<\/p>\n","protected":false},"excerpt":{"rendered":"<p>La rectora se integra al Comit\u00e9 de Salud Mental y Adicciones del Estado de M\u00e9xico para impulsar acciones de prevenci\u00f3n, atenci\u00f3n y acompa\u00f1amiento. La rectora de la Universidad Aut\u00f3noma del Estado de M\u00e9xico (UAEM\u00e9x), Patricia Zarza Delgado, tom\u00f3 protesta como integrante del Comit\u00e9 de Salud Mental y Adicciones del Estado de M\u00e9xico, desde donde contribuir\u00e1 [&hellip;]<\/p>\n","protected":false},"author":1,"featured_media":89280,"comment_status":"closed","ping_status":"closed","sticky":false,"template":"","format":"standard","meta":{"footnotes":""},"categories":[83,81],"tags":[],"class_list":["post-89276","post","type-post","status-publish","format-standard","has-post-thumbnail","hentry","category-destacado","category-nacional"],"_links":{"self":[{"href":"https:\/\/themexicopost.com\/index.php?rest_route=\/wp\/v2\/posts\/89276","targetHints":{"allow":["GET"]}}],"collection":[{"href":"https:\/\/themexicopost.com\/index.php?rest_route=\/wp\/v2\/posts"}],"about":[{"href":"https:\/\/themexicopost.com\/index.php?rest_route=\/wp\/v2\/types\/post"}],"author":[{"embeddable":true,"href":"https:\/\/themexicopost.com\/index.php?rest_route=\/wp\/v2\/users\/1"}],"replies":[{"embeddable":true,"href":"https:\/\/themexicopost.com\/index.php?rest_route=%2Fwp%2Fv2%2Fcomments&post=89276"}],"version-history":[{"count":1,"href":"https:\/\/themexicopost.com\/index.php?rest_route=\/wp\/v2\/posts\/89276\/revisions"}],"predecessor-version":[{"id":89281,"href":"https:\/\/themexicopost.com\/index.php?rest_route=\/wp\/v2\/posts\/89276\/revisions\/89281"}],"wp:featuredmedia":[{"embeddable":true,"href":"https:\/\/themexicopost.com\/index.php?rest_route=\/wp\/v2\/media\/89280"}],"wp:attachment":[{"href":"https:\/\/themexicopost.com\/index.php?rest_route=%2Fwp%2Fv2%2Fmedia&parent=89276"}],"wp:term":[{"taxonomy":"category","embeddable":true,"href":"https:\/\/themexicopost.com\/index.php?rest_route=%2Fwp%2Fv2%2Fcategories&post=89276"},{"taxonomy":"post_tag","embeddable":true,"href":"https:\/\/themexicopost.com\/index.php?rest_route=%2Fwp%2Fv2%2Ftags&post=89276"}],"curies":[{"name":"wp","href":"https:\/\/api.w.org\/{rel}","templated":true}]}}