{"id":89282,"date":"2026-09-02T07:02:48","date_gmt":"2026-09-02T13:02:48","guid":{"rendered":"https:\/\/themexicopost.com\/?p=89282"},"modified":"2026-09-02T07:02:51","modified_gmt":"2026-09-02T13:02:51","slug":"delfina-gomez-reconoce-trabajo-de-claudia-sheinbaum-y-la-acompana-en-su-segundo-informe-de-gobierno","status":"publish","type":"post","link":"https:\/\/themexicopost.com\/?p=89282","title":{"rendered":"Delfina G\u00f3mez reconoce trabajo de Claudia Sheinbaum y la acompa\u00f1a en su Segundo Informe de Gobierno"},"content":{"rendered":"\n<figure class=\"wp-block-pullquote\"><blockquote><p>Reconoci\u00f3 el trabajo de la presidenta y destac\u00f3 que los resultados fortalecen el proyecto de transformaci\u00f3n en el Edom\u00e9x.<\/p><\/blockquote><\/figure>\n\n\n\n<p class=\"has-drop-cap wp-block-paragraph\">La gobernadora del Estado de M\u00e9xico, Delfina G\u00f3mez \u00c1lvarez, acompa\u00f1\u00f3 a la Presidenta Claudia Sheinbaum Pardo durante la presentaci\u00f3n de su Segundo Informe de Gobierno en Palacio Nacional, donde se destacaron los avances de proyectos estrat\u00e9gicos para el desarrollo y bienestar de las familias mexiquenses.<br><\/p>\n\n\n\n<p class=\"wp-block-paragraph\">Durante su mensaje a la Naci\u00f3n, la presidenta Claudia Sheinbaum inform\u00f3 que el Plan Integral de la Zona Oriente del Estado de M\u00e9xico registra un avance de 40%, estrategia que contempla acciones de infraestructura, movilidad y servicios en beneficio de cerca de 10 millones de habitantes.<br><\/p>\n\n\n\n<p class=\"wp-block-paragraph\">Entre los proyectos de movilidad destac\u00f3 el Tren El Insurgente, que ha transportado a m\u00e1s de 25 millones de pasajeros y cuya conexi\u00f3n hacia Observatorio fortalecer\u00e1 la movilidad entre el Estado de M\u00e9xico y la Ciudad de M\u00e9xico.<br><\/p>\n\n\n\n<p class=\"wp-block-paragraph\">Asimismo, se\u00f1al\u00f3 los avances del Tren Felipe \u00c1ngeles, en el tramo Lecher\u00eda-AIFA, obra que representa una alternativa de transporte para cerca de tres millones de habitantes y mejora la conectividad con el Aeropuerto Internacional Felipe \u00c1ngeles.<br><\/p>\n\n\n\n<p class=\"wp-block-paragraph\">La mandataria tambi\u00e9n mencion\u00f3 la ampliaci\u00f3n y modernizaci\u00f3n de la carretera Toluca-Zihuatanejo, as\u00ed como acciones para la rehabilitaci\u00f3n del r\u00edo Lerma-Santiago, infraestructura hidr\u00e1ulica y proyectos contemplados en el Plan Integral para la Zona Metropolitana del Valle de M\u00e9xico.<br><\/p>\n\n\n\n<p class=\"wp-block-paragraph\">Por su parte, la gobernadora Delfina G\u00f3mez \u00c1lvarez reconoci\u00f3 el trabajo de la presidenta y destac\u00f3 que los resultados en materia econ\u00f3mica, de seguridad, infraestructura y programas para el bienestar fortalecen el proyecto de transformaci\u00f3n en el pa\u00eds y, particularmente, en el Estado de M\u00e9xico.<\/p>\n","protected":false},"excerpt":{"rendered":"<p>Reconoci\u00f3 el trabajo de la presidenta y destac\u00f3 que los resultados fortalecen el proyecto de transformaci\u00f3n en el Edom\u00e9x. La gobernadora del Estado de M\u00e9xico, Delfina G\u00f3mez \u00c1lvarez, acompa\u00f1\u00f3 a la Presidenta Claudia Sheinbaum Pardo durante la presentaci\u00f3n de su Segundo Informe de Gobierno en Palacio Nacional, donde se destacaron los avances de proyectos estrat\u00e9gicos [&hellip;]<\/p>\n","protected":false},"author":1,"featured_media":89286,"comment_status":"closed","ping_status":"closed","sticky":false,"template":"","format":"standard","meta":{"footnotes":""},"categories":[83,81],"tags":[],"class_list":["post-89282","post","type-post","status-publish","format-standard","has-post-thumbnail","hentry","category-destacado","category-nacional"],"_links":{"self":[{"href":"https:\/\/themexicopost.com\/index.php?rest_route=\/wp\/v2\/posts\/89282","targetHints":{"allow":["GET"]}}],"collection":[{"href":"https:\/\/themexicopost.com\/index.php?rest_route=\/wp\/v2\/posts"}],"about":[{"href":"https:\/\/themexicopost.com\/index.php?rest_route=\/wp\/v2\/types\/post"}],"author":[{"embeddable":true,"href":"https:\/\/themexicopost.com\/index.php?rest_route=\/wp\/v2\/users\/1"}],"replies":[{"embeddable":true,"href":"https:\/\/themexicopost.com\/index.php?rest_route=%2Fwp%2Fv2%2Fcomments&post=89282"}],"version-history":[{"count":1,"href":"https:\/\/themexicopost.com\/index.php?rest_route=\/wp\/v2\/posts\/89282\/revisions"}],"predecessor-version":[{"id":89287,"href":"https:\/\/themexicopost.com\/index.php?rest_route=\/wp\/v2\/posts\/89282\/revisions\/89287"}],"wp:featuredmedia":[{"embeddable":true,"href":"https:\/\/themexicopost.com\/index.php?rest_route=\/wp\/v2\/media\/89286"}],"wp:attachment":[{"href":"https:\/\/themexicopost.com\/index.php?rest_route=%2Fwp%2Fv2%2Fmedia&parent=89282"}],"wp:term":[{"taxonomy":"category","embeddable":true,"href":"https:\/\/themexicopost.com\/index.php?rest_route=%2Fwp%2Fv2%2Fcategories&post=89282"},{"taxonomy":"post_tag","embeddable":true,"href":"https:\/\/themexicopost.com\/index.php?rest_route=%2Fwp%2Fv2%2Ftags&post=89282"}],"curies":[{"name":"wp","href":"https:\/\/api.w.org\/{rel}","templated":true}]}}