{"id":89285,"date":"2026-09-02T07:03:25","date_gmt":"2026-09-02T13:03:25","guid":{"rendered":"https:\/\/themexicopost.com\/?p=89285"},"modified":"2026-09-02T07:03:27","modified_gmt":"2026-09-02T13:03:27","slug":"trump-amenaza-a-iran-con-una-respuesta-mas-dura-si-toma-represalias","status":"publish","type":"post","link":"https:\/\/themexicopost.com\/?p=89285","title":{"rendered":"Trump amenaza a Ir\u00e1n con una respuesta m\u00e1s dura si toma represalias"},"content":{"rendered":"\n<figure class=\"wp-block-pullquote\"><blockquote><p>Advirti\u00f3 que Teher\u00e1n enfrentar\u00e1 un golpe de mayor intensidad si responde a los recientes ataques estadounidenses, mientras aumentan las tensiones en el estrecho de Ormuz.<\/p><\/blockquote><\/figure>\n\n\n\n<p class=\"has-drop-cap wp-block-paragraph\">Estados Unidos elev\u00f3 nuevamente la tensi\u00f3n con Ir\u00e1n tras lanzar una nueva operaci\u00f3n militar contra objetivos vinculados con la Guardia Revolucionaria iran\u00ed, en una escalada que amenaza con extender el conflicto en Oriente Medio y aumentar los riesgos para la navegaci\u00f3n comercial en el estrecho de Ormuz.<br><\/p>\n\n\n\n<p class=\"wp-block-paragraph\">El Comando Central de Estados Unidos (Centcom) se\u00f1al\u00f3 que los ataques fueron una respuesta a recientes acciones atribuidas a fuerzas iran\u00edes contra embarcaciones comerciales que transitaban por la zona, as\u00ed como contra personal militar estadounidense desplegado en la regi\u00f3n.<br><\/p>\n\n\n\n<p class=\"wp-block-paragraph\">El presidente Donald Trump calific\u00f3 la operaci\u00f3n como una acci\u00f3n de \u201cgran envergadura y potencia\u201d y lanz\u00f3 una advertencia directa a Teher\u00e1n: cualquier intento de represalia provocar\u00e1 una respuesta estadounidense todav\u00eda m\u00e1s severa.<br><\/p>\n\n\n\n<p class=\"wp-block-paragraph\">Trump defendi\u00f3 la ofensiva al considerar que Estados Unidos actu\u00f3 ante las agresiones contra sus intereses y fuerzas militares. El mandatario dej\u00f3 claro que Washington no descarta nuevas operaciones si Ir\u00e1n decide responder a los ataques.<br><\/p>\n\n\n\n<p class=\"wp-block-paragraph\">La amenaza estadounidense recibi\u00f3 una respuesta inmediata de la Guardia Revolucionaria iran\u00ed, que advirti\u00f3 que \u201cun severo castigo espera a los agresores\u201d y asegur\u00f3 que Estados Unidos terminar\u00e1 arrepinti\u00e9ndose de sus nuevas acciones militares.<br><\/p>\n\n\n\n<p class=\"wp-block-paragraph\">Mientras tanto, medios estatales iran\u00edes reportaron m\u00faltiples explosiones al este de Bandar Ab\u00e1s y en los alrededores de la isla de Qeshm, ubicada en una zona estrat\u00e9gica cercana al estrecho de Ormuz. Hasta el momento, esos reportes no se\u00f1alaban da\u00f1os adicionales ni nuevos incidentes de consideraci\u00f3n.<br><\/p>\n\n\n\n<p class=\"wp-block-paragraph\">La situaci\u00f3n mantiene bajo presi\u00f3n una de las principales rutas mar\u00edtimas para el transporte mundial de petr\u00f3leo, por lo que una nueva escalada entre Washington y Teher\u00e1n podr\u00eda tener repercusiones m\u00e1s all\u00e1 del \u00e1mbito militar y afectar la seguridad energ\u00e9tica internacional.<\/p>\n","protected":false},"excerpt":{"rendered":"<p>Advirti\u00f3 que Teher\u00e1n enfrentar\u00e1 un golpe de mayor intensidad si responde a los recientes ataques estadounidenses, mientras aumentan las tensiones en el estrecho de Ormuz. Estados Unidos elev\u00f3 nuevamente la tensi\u00f3n con Ir\u00e1n tras lanzar una nueva operaci\u00f3n militar contra objetivos vinculados con la Guardia Revolucionaria iran\u00ed, en una escalada que amenaza con extender el [&hellip;]<\/p>\n","protected":false},"author":1,"featured_media":89289,"comment_status":"closed","ping_status":"closed","sticky":false,"template":"","format":"standard","meta":{"footnotes":""},"categories":[80],"tags":[],"class_list":["post-89285","post","type-post","status-publish","format-standard","has-post-thumbnail","hentry","category-mundo"],"_links":{"self":[{"href":"https:\/\/themexicopost.com\/index.php?rest_route=\/wp\/v2\/posts\/89285","targetHints":{"allow":["GET"]}}],"collection":[{"href":"https:\/\/themexicopost.com\/index.php?rest_route=\/wp\/v2\/posts"}],"about":[{"href":"https:\/\/themexicopost.com\/index.php?rest_route=\/wp\/v2\/types\/post"}],"author":[{"embeddable":true,"href":"https:\/\/themexicopost.com\/index.php?rest_route=\/wp\/v2\/users\/1"}],"replies":[{"embeddable":true,"href":"https:\/\/themexicopost.com\/index.php?rest_route=%2Fwp%2Fv2%2Fcomments&post=89285"}],"version-history":[{"count":1,"href":"https:\/\/themexicopost.com\/index.php?rest_route=\/wp\/v2\/posts\/89285\/revisions"}],"predecessor-version":[{"id":89290,"href":"https:\/\/themexicopost.com\/index.php?rest_route=\/wp\/v2\/posts\/89285\/revisions\/89290"}],"wp:featuredmedia":[{"embeddable":true,"href":"https:\/\/themexicopost.com\/index.php?rest_route=\/wp\/v2\/media\/89289"}],"wp:attachment":[{"href":"https:\/\/themexicopost.com\/index.php?rest_route=%2Fwp%2Fv2%2Fmedia&parent=89285"}],"wp:term":[{"taxonomy":"category","embeddable":true,"href":"https:\/\/themexicopost.com\/index.php?rest_route=%2Fwp%2Fv2%2Fcategories&post=89285"},{"taxonomy":"post_tag","embeddable":true,"href":"https:\/\/themexicopost.com\/index.php?rest_route=%2Fwp%2Fv2%2Ftags&post=89285"}],"curies":[{"name":"wp","href":"https:\/\/api.w.org\/{rel}","templated":true}]}}