{"id":89291,"date":"2026-09-02T07:05:38","date_gmt":"2026-09-02T13:05:38","guid":{"rendered":"https:\/\/themexicopost.com\/?p=89291"},"modified":"2026-09-02T07:05:40","modified_gmt":"2026-09-02T13:05:40","slug":"haakon-viii-asume-el-trono-de-noruega-y-jura-defender-la-constitucion","status":"publish","type":"post","link":"https:\/\/themexicopost.com\/?p=89291","title":{"rendered":"Haakon VIII asume el trono de Noruega y jura defender la Constituci\u00f3n"},"content":{"rendered":"\n<figure class=\"wp-block-pullquote\"><blockquote><p>El nuevo rey realiz\u00f3 ante el Parlamento su primer acto oficial como monarca, cuatro d\u00edas despu\u00e9s de la muerte de su padre, Harald V.<\/p><\/blockquote><\/figure>\n\n\n\n<p class=\"has-drop-cap wp-block-paragraph\">El rey Haakon VIII de Noruega jur\u00f3 este martes ante el Parlamento cumplir y defender la Constituci\u00f3n y las leyes del pa\u00eds, en una ceremonia que marc\u00f3 formalmente el inicio de su reinado, apenas cuatro d\u00edas despu\u00e9s del fallecimiento de su padre, Harald V, a los 89 a\u00f1os.<br><\/p>\n\n\n\n<p class=\"wp-block-paragraph\">Acompa\u00f1ado por su hija, la princesa heredera Ingrid Alexandra, el nuevo monarca pronunci\u00f3 ante los parlamentarios el juramento constitucional en el que se comprometi\u00f3 a gobernar Noruega de acuerdo con sus leyes.<br><\/p>\n\n\n\n<p class=\"wp-block-paragraph\">Haakon VIII expres\u00f3 su deseo de mantener la estrecha relaci\u00f3n que su padre, su abuelo Olav V y su bisabuelo Haakon VII mantuvieron con el Parlamento, y manifest\u00f3 su confianza en que esa relaci\u00f3n contin\u00fae fortaleci\u00e9ndose frente a los nuevos desaf\u00edos que deber\u00e1 enfrentar el pa\u00eds.<br><\/p>\n\n\n\n<p class=\"wp-block-paragraph\">Durante la ceremonia, el presidente del Parlamento, Masud Gharahkhani, rindi\u00f3 homenaje a Harald V y destac\u00f3 sus 35 a\u00f1os de servicio a Noruega, as\u00ed como su defensa de la Constituci\u00f3n y la democracia. Lo describi\u00f3 como una figura de continuidad, seguridad y unidad nacional.<br><\/p>\n\n\n\n<figure class=\"wp-block-image size-large\"><img fetchpriority=\"high\" decoding=\"async\" width=\"1024\" height=\"684\" src=\"https:\/\/themexicopost.com\/wp-content\/uploads\/2026\/09\/Haakon-2-1024x684.jpg\" alt=\"\" class=\"wp-image-89296\" srcset=\"https:\/\/themexicopost.com\/wp-content\/uploads\/2026\/09\/Haakon-2-1024x684.jpg 1024w, https:\/\/themexicopost.com\/wp-content\/uploads\/2026\/09\/Haakon-2-300x201.jpg 300w, https:\/\/themexicopost.com\/wp-content\/uploads\/2026\/09\/Haakon-2-768x513.jpg 768w, https:\/\/themexicopost.com\/wp-content\/uploads\/2026\/09\/Haakon-2.jpg 1200w\" sizes=\"(max-width: 1024px) 100vw, 1024px\" \/><\/figure>\n\n\n\n<p class=\"wp-block-paragraph\">La reina Mette-Marit, esposa del nuevo monarca, no pudo asistir debido a complicaciones relacionadas con el trasplante de pulm\u00f3n al que fue sometida en junio. La Casa Real inform\u00f3 que permanecer\u00e1 bajo observaci\u00f3n m\u00e9dica.<br><\/p>\n\n\n\n<p class=\"wp-block-paragraph\">S\u00ed estuvieron presentes la reina Sonia, viuda de Harald V, el pr\u00edncipe Sverre Magnus, hijo menor de los reyes, adem\u00e1s del primer ministro Jonas Gahr St\u00f8re y miembros del Gobierno y del Parlamento.<br><\/p>\n\n\n\n<p class=\"wp-block-paragraph\">La ceremonia dur\u00f3 alrededor de 20 minutos y concluy\u00f3 con los asistentes entonando el himno real \u201cKongesangen\u201d, mientras miles de personas se congregaron en las calles de Oslo para acompa\u00f1ar al nuevo monarca.<br><\/p>\n\n\n\n<p class=\"wp-block-paragraph\">El juramento de Haakon VIII recupera una tradici\u00f3n que no se celebraba desde el 21 de enero de 1991, cuando Harald V realiz\u00f3 el mismo acto tras la muerte de su padre, Olav V.<br><\/p>\n\n\n\n<p class=\"wp-block-paragraph\">En su primer discurso como jefe de Estado, pronunciado el s\u00e1bado, Haakon VIII reconoci\u00f3 que tiene por delante una \u201cgran tarea\u201d tras la muerte de su padre, quien falleci\u00f3 despu\u00e9s de permanecer 11 d\u00edas hospitalizado debido al agravamiento de una infecci\u00f3n en la sangre.<\/p>\n","protected":false},"excerpt":{"rendered":"<p>El nuevo rey realiz\u00f3 ante el Parlamento su primer acto oficial como monarca, cuatro d\u00edas despu\u00e9s de la muerte de su padre, Harald V. El rey Haakon VIII de Noruega jur\u00f3 este martes ante el Parlamento cumplir y defender la Constituci\u00f3n y las leyes del pa\u00eds, en una ceremonia que marc\u00f3 formalmente el inicio de [&hellip;]<\/p>\n","protected":false},"author":1,"featured_media":89295,"comment_status":"closed","ping_status":"closed","sticky":false,"template":"","format":"standard","meta":{"footnotes":""},"categories":[80],"tags":[],"class_list":["post-89291","post","type-post","status-publish","format-standard","has-post-thumbnail","hentry","category-mundo"],"_links":{"self":[{"href":"https:\/\/themexicopost.com\/index.php?rest_route=\/wp\/v2\/posts\/89291","targetHints":{"allow":["GET"]}}],"collection":[{"href":"https:\/\/themexicopost.com\/index.php?rest_route=\/wp\/v2\/posts"}],"about":[{"href":"https:\/\/themexicopost.com\/index.php?rest_route=\/wp\/v2\/types\/post"}],"author":[{"embeddable":true,"href":"https:\/\/themexicopost.com\/index.php?rest_route=\/wp\/v2\/users\/1"}],"replies":[{"embeddable":true,"href":"https:\/\/themexicopost.com\/index.php?rest_route=%2Fwp%2Fv2%2Fcomments&post=89291"}],"version-history":[{"count":1,"href":"https:\/\/themexicopost.com\/index.php?rest_route=\/wp\/v2\/posts\/89291\/revisions"}],"predecessor-version":[{"id":89297,"href":"https:\/\/themexicopost.com\/index.php?rest_route=\/wp\/v2\/posts\/89291\/revisions\/89297"}],"wp:featuredmedia":[{"embeddable":true,"href":"https:\/\/themexicopost.com\/index.php?rest_route=\/wp\/v2\/media\/89295"}],"wp:attachment":[{"href":"https:\/\/themexicopost.com\/index.php?rest_route=%2Fwp%2Fv2%2Fmedia&parent=89291"}],"wp:term":[{"taxonomy":"category","embeddable":true,"href":"https:\/\/themexicopost.com\/index.php?rest_route=%2Fwp%2Fv2%2Fcategories&post=89291"},{"taxonomy":"post_tag","embeddable":true,"href":"https:\/\/themexicopost.com\/index.php?rest_route=%2Fwp%2Fv2%2Ftags&post=89291"}],"curies":[{"name":"wp","href":"https:\/\/api.w.org\/{rel}","templated":true}]}}