{"id":89298,"date":"2026-09-02T07:10:24","date_gmt":"2026-09-02T13:10:24","guid":{"rendered":"https:\/\/themexicopost.com\/?p=89298"},"modified":"2026-09-02T07:10:26","modified_gmt":"2026-09-02T13:10:26","slug":"coche-bomba-sacude-colombia-un-muerto-y-11-heridos-en-ataque-atribuido-al-eln","status":"publish","type":"post","link":"https:\/\/themexicopost.com\/?p=89298","title":{"rendered":"Coche bomba sacude Colombia: un muerto y 11 heridos en ataque atribuido al ELN"},"content":{"rendered":"\n<figure class=\"wp-block-pullquote\"><blockquote><p>El atentado ocurri\u00f3 cerca de la frontera con Venezuela, mientras el Gobierno colombiano intensifica su ofensiva contra grupos armados y narcotraficantes.<\/p><\/blockquote><\/figure>\n\n\n\n<p class=\"has-drop-cap wp-block-paragraph\">Un coche-bomba atribuido al Ej\u00e9rcito de Liberaci\u00f3n Nacional (ELN) dej\u00f3 un civil muerto y 11 personas heridas, entre ellas dos polic\u00edas, frente a una estaci\u00f3n policial del municipio de Los Patios, en el departamento de Norte de Santander, cerca de la frontera con Venezuela.<br><\/p>\n\n\n\n<p class=\"wp-block-paragraph\">El veh\u00edculo explot\u00f3 alrededor de la medianoche y, de acuerdo con la Polic\u00eda, transportaba aproximadamente 80 kilogramos de explosivos que fueron detonados de manera remota. El autom\u00f3vil hab\u00eda sido robado y presuntamente fue modificado para simular un taxi.<br><\/p>\n\n\n\n<p class=\"wp-block-paragraph\">La v\u00edctima mortal fue identificada como un ciudadano venezolano de 23 a\u00f1os. Entre los polic\u00edas heridos, uno sufri\u00f3 la mutilaci\u00f3n de una pierna y otro result\u00f3 afectado por esquirlas del explosivo.<br><\/p>\n\n\n\n<figure class=\"wp-block-image size-large\"><img fetchpriority=\"high\" decoding=\"async\" width=\"1024\" height=\"684\" src=\"https:\/\/themexicopost.com\/wp-content\/uploads\/2026\/09\/coche-1024x684.jpg\" alt=\"\" class=\"wp-image-89303\" srcset=\"https:\/\/themexicopost.com\/wp-content\/uploads\/2026\/09\/coche-1024x684.jpg 1024w, https:\/\/themexicopost.com\/wp-content\/uploads\/2026\/09\/coche-300x201.jpg 300w, https:\/\/themexicopost.com\/wp-content\/uploads\/2026\/09\/coche-768x513.jpg 768w, https:\/\/themexicopost.com\/wp-content\/uploads\/2026\/09\/coche.jpg 1200w\" sizes=\"(max-width: 1024px) 100vw, 1024px\" \/><\/figure>\n\n\n\n<p class=\"wp-block-paragraph\">El atentado ocurri\u00f3 el mismo d\u00eda en que las Fuerzas Armadas colombianas realizaron un bombardeo en la Amazon\u00eda que dej\u00f3 20 guerrilleros muertos, en el marco de una ofensiva contra grupos armados.<br><\/p>\n\n\n\n<p class=\"wp-block-paragraph\">El presidente Abelardo de la Espriella, quien asumi\u00f3 el cargo el 7 de agosto, prometi\u00f3 intensificar la persecuci\u00f3n contra las organizaciones criminales y asegur\u00f3 que el Estado responder\u00e1 con toda su fuerza a quienes pretendan sembrar miedo.<br><\/p>\n\n\n\n<p class=\"wp-block-paragraph\">Organizaciones de derechos humanos han expresado preocupaci\u00f3n por los recientes bombardeos, al se\u00f1alar que entre las v\u00edctimas de operaciones anteriores habr\u00eda menores de edad.<br><\/p>\n\n\n\n<p class=\"wp-block-paragraph\">Colombia enfrenta un nuevo repunte de violencia asociado con grupos armados y organizaciones dedicadas al narcotr\u00e1fico, la miner\u00eda ilegal y otras actividades il\u00edcitas. A esta situaci\u00f3n se suma la presencia de disidencias de las FARC y la actividad del ELN, organizaci\u00f3n con m\u00e1s de seis d\u00e9cadas de existencia.<\/p>\n","protected":false},"excerpt":{"rendered":"<p>El atentado ocurri\u00f3 cerca de la frontera con Venezuela, mientras el Gobierno colombiano intensifica su ofensiva contra grupos armados y narcotraficantes. Un coche-bomba atribuido al Ej\u00e9rcito de Liberaci\u00f3n Nacional (ELN) dej\u00f3 un civil muerto y 11 personas heridas, entre ellas dos polic\u00edas, frente a una estaci\u00f3n policial del municipio de Los Patios, en el departamento [&hellip;]<\/p>\n","protected":false},"author":1,"featured_media":89302,"comment_status":"closed","ping_status":"closed","sticky":false,"template":"","format":"standard","meta":{"footnotes":""},"categories":[80],"tags":[],"class_list":["post-89298","post","type-post","status-publish","format-standard","has-post-thumbnail","hentry","category-mundo"],"_links":{"self":[{"href":"https:\/\/themexicopost.com\/index.php?rest_route=\/wp\/v2\/posts\/89298","targetHints":{"allow":["GET"]}}],"collection":[{"href":"https:\/\/themexicopost.com\/index.php?rest_route=\/wp\/v2\/posts"}],"about":[{"href":"https:\/\/themexicopost.com\/index.php?rest_route=\/wp\/v2\/types\/post"}],"author":[{"embeddable":true,"href":"https:\/\/themexicopost.com\/index.php?rest_route=\/wp\/v2\/users\/1"}],"replies":[{"embeddable":true,"href":"https:\/\/themexicopost.com\/index.php?rest_route=%2Fwp%2Fv2%2Fcomments&post=89298"}],"version-history":[{"count":1,"href":"https:\/\/themexicopost.com\/index.php?rest_route=\/wp\/v2\/posts\/89298\/revisions"}],"predecessor-version":[{"id":89304,"href":"https:\/\/themexicopost.com\/index.php?rest_route=\/wp\/v2\/posts\/89298\/revisions\/89304"}],"wp:featuredmedia":[{"embeddable":true,"href":"https:\/\/themexicopost.com\/index.php?rest_route=\/wp\/v2\/media\/89302"}],"wp:attachment":[{"href":"https:\/\/themexicopost.com\/index.php?rest_route=%2Fwp%2Fv2%2Fmedia&parent=89298"}],"wp:term":[{"taxonomy":"category","embeddable":true,"href":"https:\/\/themexicopost.com\/index.php?rest_route=%2Fwp%2Fv2%2Fcategories&post=89298"},{"taxonomy":"post_tag","embeddable":true,"href":"https:\/\/themexicopost.com\/index.php?rest_route=%2Fwp%2Fv2%2Ftags&post=89298"}],"curies":[{"name":"wp","href":"https:\/\/api.w.org\/{rel}","templated":true}]}}