{"id":89301,"date":"2026-09-02T07:11:26","date_gmt":"2026-09-02T13:11:26","guid":{"rendered":"https:\/\/themexicopost.com\/?p=89301"},"modified":"2026-09-02T07:11:29","modified_gmt":"2026-09-02T13:11:29","slug":"nicaragua-cierra-la-puerta-a-la-oposicion-y-extiende-el-poder-de-ortega-y-murillo","status":"publish","type":"post","link":"https:\/\/themexicopost.com\/?p=89301","title":{"rendered":"Nicaragua cierra la puerta a la oposici\u00f3n y extiende el poder de Ortega y Murillo"},"content":{"rendered":"\n<figure class=\"wp-block-pullquote\"><blockquote><p>Reforma constitucional proh\u00edbe a partidos opositores participar en elecciones y ampl\u00eda de seis a siete a\u00f1os los mandatos de los principales cargos p\u00fablicos.<\/p><\/blockquote><\/figure>\n\n\n\n<p class=\"has-drop-cap wp-block-paragraph\">La Asamblea Nacional de Nicaragua, controlada por el oficialismo, aprob\u00f3 en primera instancia una pol\u00e9mica reforma constitucional que restringe la participaci\u00f3n de partidos de oposici\u00f3n en los procesos electorales y ampl\u00eda de seis a siete a\u00f1os los mandatos de los copresidentes Daniel Ortega y Rosario Murillo.<br><\/p>\n\n\n\n<p class=\"wp-block-paragraph\">La modificaci\u00f3n, respaldada por la pareja presidencial, deber\u00e1 ser sometida a una segunda votaci\u00f3n a partir del 18 de enero, debido a que la legislaci\u00f3n nicarag\u00fcense establece que las reformas constitucionales deben aprobarse en dos sesiones legislativas diferentes.<br><\/p>\n\n\n\n<p class=\"wp-block-paragraph\">Adem\u00e1s de ampliar el periodo presidencial, la reforma extiende de seis a siete a\u00f1os los mandatos de otros funcionarios electos, as\u00ed como de los jefes del Ej\u00e9rcito y la Polic\u00eda. El presidente de la Asamblea Nacional, Gustavo Porras, asegur\u00f3 que los cambios fueron aprobados de manera un\u00e1nime durante una sesi\u00f3n especial realizada en la ciudad de Le\u00f3n.<br><\/p>\n\n\n\n<p class=\"wp-block-paragraph\">Ortega, de 80 a\u00f1os, y Murillo, de 75, gobiernan Nicaragua desde hace casi dos d\u00e9cadas y han concentrado un amplio control sobre las instituciones del Estado. La situaci\u00f3n se profundiz\u00f3 despu\u00e9s de las protestas de 2018, cuya represi\u00f3n dej\u00f3 m\u00e1s de 300 muertos, de acuerdo con Naciones Unidas.<br><\/p>\n\n\n\n<p class=\"wp-block-paragraph\">Tras aquella crisis, miles de nicarag\u00fcenses abandonaron el pa\u00eds, entre ellos dirigentes opositores, periodistas, intelectuales y religiosos. Algunos fueron despojados de su nacionalidad bajo acusaciones de \u201ctraici\u00f3n a la patria\u201d, debilitando pr\u00e1cticamente por completo a la oposici\u00f3n interna.<br><\/p>\n\n\n\n<p class=\"wp-block-paragraph\">Los sectores opositores en el exilio consideran que la nueva reforma busca asegurar la continuidad del poder en manos de la familia Ortega-Murillo. La medida se suma a los cuestionamientos internacionales que enfrenta el gobierno nicarag\u00fcense y a las cr\u00edticas de Estados Unidos y otros pa\u00edses latinoamericanos.<br><\/p>\n\n\n\n<p class=\"wp-block-paragraph\">El pasado 19 de julio, Ortega declar\u00f3 que \u201cno habr\u00e1 m\u00e1s elecciones\u201d para impedir que la oposici\u00f3n llegue nuevamente al poder. En 2024, el oficialismo ya hab\u00eda aprobado cambios constitucionales que elevaron a Murillo de vicepresidenta a copresidenta y ampliaron el mandato presidencial de cinco a seis a\u00f1os, adem\u00e1s de aplazar los comicios previstos originalmente para este a\u00f1o hasta 2027.<\/p>\n","protected":false},"excerpt":{"rendered":"<p>Reforma constitucional proh\u00edbe a partidos opositores participar en elecciones y ampl\u00eda de seis a siete a\u00f1os los mandatos de los principales cargos p\u00fablicos. La Asamblea Nacional de Nicaragua, controlada por el oficialismo, aprob\u00f3 en primera instancia una pol\u00e9mica reforma constitucional que restringe la participaci\u00f3n de partidos de oposici\u00f3n en los procesos electorales y ampl\u00eda de [&hellip;]<\/p>\n","protected":false},"author":1,"featured_media":89306,"comment_status":"closed","ping_status":"closed","sticky":false,"template":"","format":"standard","meta":{"footnotes":""},"categories":[83,80],"tags":[],"class_list":["post-89301","post","type-post","status-publish","format-standard","has-post-thumbnail","hentry","category-destacado","category-mundo"],"_links":{"self":[{"href":"https:\/\/themexicopost.com\/index.php?rest_route=\/wp\/v2\/posts\/89301","targetHints":{"allow":["GET"]}}],"collection":[{"href":"https:\/\/themexicopost.com\/index.php?rest_route=\/wp\/v2\/posts"}],"about":[{"href":"https:\/\/themexicopost.com\/index.php?rest_route=\/wp\/v2\/types\/post"}],"author":[{"embeddable":true,"href":"https:\/\/themexicopost.com\/index.php?rest_route=\/wp\/v2\/users\/1"}],"replies":[{"embeddable":true,"href":"https:\/\/themexicopost.com\/index.php?rest_route=%2Fwp%2Fv2%2Fcomments&post=89301"}],"version-history":[{"count":1,"href":"https:\/\/themexicopost.com\/index.php?rest_route=\/wp\/v2\/posts\/89301\/revisions"}],"predecessor-version":[{"id":89307,"href":"https:\/\/themexicopost.com\/index.php?rest_route=\/wp\/v2\/posts\/89301\/revisions\/89307"}],"wp:featuredmedia":[{"embeddable":true,"href":"https:\/\/themexicopost.com\/index.php?rest_route=\/wp\/v2\/media\/89306"}],"wp:attachment":[{"href":"https:\/\/themexicopost.com\/index.php?rest_route=%2Fwp%2Fv2%2Fmedia&parent=89301"}],"wp:term":[{"taxonomy":"category","embeddable":true,"href":"https:\/\/themexicopost.com\/index.php?rest_route=%2Fwp%2Fv2%2Fcategories&post=89301"},{"taxonomy":"post_tag","embeddable":true,"href":"https:\/\/themexicopost.com\/index.php?rest_route=%2Fwp%2Fv2%2Ftags&post=89301"}],"curies":[{"name":"wp","href":"https:\/\/api.w.org\/{rel}","templated":true}]}}