{"id":89305,"date":"2026-09-02T07:12:30","date_gmt":"2026-09-02T13:12:30","guid":{"rendered":"https:\/\/themexicopost.com\/?p=89305"},"modified":"2026-09-02T07:12:32","modified_gmt":"2026-09-02T13:12:32","slug":"alemania-acusa-a-rusia-de-intentar-atacar-un-aeropuerto-con-un-dron-explosivo","status":"publish","type":"post","link":"https:\/\/themexicopost.com\/?p=89305","title":{"rendered":"Alemania acusa a Rusia de intentar atacar un aeropuerto con un dron explosivo"},"content":{"rendered":"\n<figure class=\"wp-block-pullquote\"><blockquote><p>Berl\u00edn responsabiliz\u00f3 a Mosc\u00fa de una operaci\u00f3n que habr\u00eda tenido como objetivo un avi\u00f3n ucraniano en Leipzig y anunci\u00f3 nuevas medidas contra Rusia.<\/p><\/blockquote><\/figure>\n\n\n\n<p class=\"has-drop-cap wp-block-paragraph\">El Gobierno de Alemania responsabiliz\u00f3 este martes a Rusia de un intento de ataque registrado en el aeropuerto de Leipzig, donde un dron cargado con explosivos fue localizado cerca de un avi\u00f3n ucraniano el pasado 4 de agosto.<br><\/p>\n\n\n\n<p class=\"wp-block-paragraph\">El artefacto fue encontrado durante la noche y posteriormente desactivado por las autoridades. El ministro alem\u00e1n del Interior, Alexander Dobrindt, asegur\u00f3 que las investigaciones policiales, los m\u00e9todos utilizados y la informaci\u00f3n proporcionada por los servicios de inteligencia apuntan a una operaci\u00f3n vinculada con Rusia.<br><\/p>\n\n\n\n<p class=\"wp-block-paragraph\">Dobrindt se\u00f1al\u00f3 que el incidente coincide con el patr\u00f3n de las llamadas \u201coperaciones h\u00edbridas rusas\u201d, que incluyen acciones destinadas a generar inseguridad, intimidaci\u00f3n y desestabilizaci\u00f3n en pa\u00edses europeos.<br><\/p>\n\n\n\n<p class=\"wp-block-paragraph\">Ante el caso, el ministro de Relaciones Exteriores, Johann Wadephul, anunci\u00f3 nuevas medidas diplom\u00e1ticas contra Mosc\u00fa. Alemania cerrar\u00e1 el consulado general de Rusia en Bonn a partir del 18 de septiembre y tambi\u00e9n rescindir\u00e1 el contrato de arrendamiento de la Casa de Rusia, un centro cultural ubicado en Berl\u00edn.<br><\/p>\n\n\n\n<p class=\"wp-block-paragraph\">La presidenta de la Comisi\u00f3n Europea, Ursula von der Leyen, expres\u00f3 su respaldo a Alemania y afirm\u00f3 que la Uni\u00f3n Europea mantiene su determinaci\u00f3n de responder a las acciones que considere amenazas contra su seguridad.<br><\/p>\n\n\n\n<p class=\"wp-block-paragraph\">\u201cRusia busca sembrar desconfianza y miedo en nuestras sociedades. Pero fracasar\u00e1\u201d, se\u00f1al\u00f3 Von der Leyen, quien adelant\u00f3 que abordar\u00e1 el incidente con el secretario general de la OTAN, Mark Rutte, adem\u00e1s de analizar posibles sanciones adicionales contra el gobierno de Vlad\u00edmir Putin.<br><\/p>\n\n\n\n<p class=\"wp-block-paragraph\">El aeropuerto de Leipzig tiene especial importancia estrat\u00e9gica debido a su papel en el transporte internacional de mercanc\u00edas y en el apoyo log\u00edstico a Ucrania. La terminal recibe habitualmente aeronaves de transporte ucranianas Antonov.<br><\/p>\n\n\n\n<p class=\"wp-block-paragraph\">Adem\u00e1s, en sus instalaciones opera la Soluci\u00f3n Internacional de Transporte A\u00e9reo Estrat\u00e9gico (Salis), utilizada por la OTAN para trasladar equipos y suministros hacia los grupos de combate desplegados en el flanco oriental de la alianza, desde Finlandia hasta Rumania, as\u00ed como para respaldar operaciones de la Uni\u00f3n Europea y pa\u00edses aliados.<\/p>\n","protected":false},"excerpt":{"rendered":"<p>Berl\u00edn responsabiliz\u00f3 a Mosc\u00fa de una operaci\u00f3n que habr\u00eda tenido como objetivo un avi\u00f3n ucraniano en Leipzig y anunci\u00f3 nuevas medidas contra Rusia. El Gobierno de Alemania responsabiliz\u00f3 este martes a Rusia de un intento de ataque registrado en el aeropuerto de Leipzig, donde un dron cargado con explosivos fue localizado cerca de un avi\u00f3n [&hellip;]<\/p>\n","protected":false},"author":1,"featured_media":89309,"comment_status":"closed","ping_status":"closed","sticky":false,"template":"","format":"standard","meta":{"footnotes":""},"categories":[80],"tags":[],"class_list":["post-89305","post","type-post","status-publish","format-standard","has-post-thumbnail","hentry","category-mundo"],"_links":{"self":[{"href":"https:\/\/themexicopost.com\/index.php?rest_route=\/wp\/v2\/posts\/89305","targetHints":{"allow":["GET"]}}],"collection":[{"href":"https:\/\/themexicopost.com\/index.php?rest_route=\/wp\/v2\/posts"}],"about":[{"href":"https:\/\/themexicopost.com\/index.php?rest_route=\/wp\/v2\/types\/post"}],"author":[{"embeddable":true,"href":"https:\/\/themexicopost.com\/index.php?rest_route=\/wp\/v2\/users\/1"}],"replies":[{"embeddable":true,"href":"https:\/\/themexicopost.com\/index.php?rest_route=%2Fwp%2Fv2%2Fcomments&post=89305"}],"version-history":[{"count":1,"href":"https:\/\/themexicopost.com\/index.php?rest_route=\/wp\/v2\/posts\/89305\/revisions"}],"predecessor-version":[{"id":89310,"href":"https:\/\/themexicopost.com\/index.php?rest_route=\/wp\/v2\/posts\/89305\/revisions\/89310"}],"wp:featuredmedia":[{"embeddable":true,"href":"https:\/\/themexicopost.com\/index.php?rest_route=\/wp\/v2\/media\/89309"}],"wp:attachment":[{"href":"https:\/\/themexicopost.com\/index.php?rest_route=%2Fwp%2Fv2%2Fmedia&parent=89305"}],"wp:term":[{"taxonomy":"category","embeddable":true,"href":"https:\/\/themexicopost.com\/index.php?rest_route=%2Fwp%2Fv2%2Fcategories&post=89305"},{"taxonomy":"post_tag","embeddable":true,"href":"https:\/\/themexicopost.com\/index.php?rest_route=%2Fwp%2Fv2%2Ftags&post=89305"}],"curies":[{"name":"wp","href":"https:\/\/api.w.org\/{rel}","templated":true}]}}