{"id":89311,"date":"2026-09-02T07:14:21","date_gmt":"2026-09-02T13:14:21","guid":{"rendered":"https:\/\/themexicopost.com\/?p=89311"},"modified":"2026-09-02T07:14:23","modified_gmt":"2026-09-02T13:14:23","slug":"francia-pone-a-la-ia-en-el-centro-de-la-agenda-del-consejo-de-seguridad-de-la-onu","status":"publish","type":"post","link":"https:\/\/themexicopost.com\/?p=89311","title":{"rendered":"Francia pone a la IA en el centro de la agenda del Consejo de Seguridad de la ONU"},"content":{"rendered":"\n<figure class=\"wp-block-pullquote\"><blockquote><p>Par\u00eds asumi\u00f3 la presidencia del organismo con un debate sobre el uso de la IA para vigilar alto al fuego, combatir la desinformaci\u00f3n y apoyar las operaciones de paz.<\/p><\/blockquote><\/figure>\n\n\n\n<p class=\"has-drop-cap wp-block-paragraph\">Francia inici\u00f3 su presidencia rotatoria del Consejo de Seguridad de la ONU con un debate dedicado al uso de la inteligencia artificial (IA) en la prevenci\u00f3n y resoluci\u00f3n de conflictos, particularmente en la supervisi\u00f3n de acuerdos de alto al fuego y las operaciones de mantenimiento de la paz.<br><\/p>\n\n\n\n<p class=\"wp-block-paragraph\">El embajador franc\u00e9s ante Naciones Unidas, J\u00e9r\u00f4me Bonnafont, explic\u00f3 que el debate, organizado junto con Letonia, abordar\u00e1 tambi\u00e9n el potencial de la tecnolog\u00eda para combatir la desinformaci\u00f3n y analizar im\u00e1genes relacionadas con conflictos.<br><\/p>\n\n\n\n<p class=\"wp-block-paragraph\">Francia mantendr\u00e1 adem\u00e1s una agenda centrada en Ucrania, Oriente Medio, Afganist\u00e1n y Sud\u00e1n, mientras que el pr\u00f3ximo 11 de septiembre encabezar\u00e1 una sesi\u00f3n sobre terrorismo y tecnolog\u00eda, coincidiendo con el 25 aniversario de los atentados del 11 de septiembre en Estados Unidos.<br><\/p>\n\n\n\n<figure class=\"wp-block-image size-large\"><img fetchpriority=\"high\" decoding=\"async\" width=\"1024\" height=\"684\" src=\"https:\/\/themexicopost.com\/wp-content\/uploads\/2026\/09\/francia-2-1024x684.jpg\" alt=\"\" class=\"wp-image-89316\" srcset=\"https:\/\/themexicopost.com\/wp-content\/uploads\/2026\/09\/francia-2-1024x684.jpg 1024w, https:\/\/themexicopost.com\/wp-content\/uploads\/2026\/09\/francia-2-300x201.jpg 300w, https:\/\/themexicopost.com\/wp-content\/uploads\/2026\/09\/francia-2-768x513.jpg 768w, https:\/\/themexicopost.com\/wp-content\/uploads\/2026\/09\/francia-2.jpg 1200w\" sizes=\"(max-width: 1024px) 100vw, 1024px\" \/><\/figure>\n\n\n\n<p class=\"wp-block-paragraph\">Otro de los encuentros relevantes ser\u00e1 la reuni\u00f3n anual con la Agencia de la ONU para los Refugiados (ACNUR), prevista para el 25 de septiembre, as\u00ed como una sesi\u00f3n con la Liga de los Estados \u00c1rabes el d\u00eda 24, durante la semana de alto nivel de la Asamblea General.<br><\/p>\n\n\n\n<p class=\"wp-block-paragraph\">La guerra entre Rusia y Ucrania tambi\u00e9n figura entre las prioridades francesas, aunque todav\u00eda no se ha definido la fecha de una reuni\u00f3n espec\u00edfica. Par\u00eds tampoco ha revelado el tema de otra sesi\u00f3n prevista durante la semana de mayor actividad diplom\u00e1tica en Naciones Unidas.<br><\/p>\n\n\n\n<p class=\"wp-block-paragraph\">La presidencia francesa coincidir\u00e1 adem\u00e1s con el proceso para elegir al pr\u00f3ximo secretario general de la ONU. El Consejo de Seguridad ya realiz\u00f3 dos votaciones informales entre los candidatos y Francia deber\u00e1 organizar una tercera, aunque a\u00fan no existe una fecha definida.<br><\/p>\n\n\n\n<p class=\"wp-block-paragraph\">El presidente franc\u00e9s, Emmanuel Macron, tiene previsto intervenir ante la Asamblea General el 22 de septiembre, lo que podr\u00eda abrir la posibilidad de que participe tambi\u00e9n en alguna sesi\u00f3n del Consejo de Seguridad durante la presidencia de su pa\u00eds.<\/p>\n","protected":false},"excerpt":{"rendered":"<p>Par\u00eds asumi\u00f3 la presidencia del organismo con un debate sobre el uso de la IA para vigilar alto al fuego, combatir la desinformaci\u00f3n y apoyar las operaciones de paz. Francia inici\u00f3 su presidencia rotatoria del Consejo de Seguridad de la ONU con un debate dedicado al uso de la inteligencia artificial (IA) en la prevenci\u00f3n [&hellip;]<\/p>\n","protected":false},"author":1,"featured_media":89315,"comment_status":"closed","ping_status":"closed","sticky":false,"template":"","format":"standard","meta":{"footnotes":""},"categories":[80],"tags":[],"class_list":["post-89311","post","type-post","status-publish","format-standard","has-post-thumbnail","hentry","category-mundo"],"_links":{"self":[{"href":"https:\/\/themexicopost.com\/index.php?rest_route=\/wp\/v2\/posts\/89311","targetHints":{"allow":["GET"]}}],"collection":[{"href":"https:\/\/themexicopost.com\/index.php?rest_route=\/wp\/v2\/posts"}],"about":[{"href":"https:\/\/themexicopost.com\/index.php?rest_route=\/wp\/v2\/types\/post"}],"author":[{"embeddable":true,"href":"https:\/\/themexicopost.com\/index.php?rest_route=\/wp\/v2\/users\/1"}],"replies":[{"embeddable":true,"href":"https:\/\/themexicopost.com\/index.php?rest_route=%2Fwp%2Fv2%2Fcomments&post=89311"}],"version-history":[{"count":1,"href":"https:\/\/themexicopost.com\/index.php?rest_route=\/wp\/v2\/posts\/89311\/revisions"}],"predecessor-version":[{"id":89317,"href":"https:\/\/themexicopost.com\/index.php?rest_route=\/wp\/v2\/posts\/89311\/revisions\/89317"}],"wp:featuredmedia":[{"embeddable":true,"href":"https:\/\/themexicopost.com\/index.php?rest_route=\/wp\/v2\/media\/89315"}],"wp:attachment":[{"href":"https:\/\/themexicopost.com\/index.php?rest_route=%2Fwp%2Fv2%2Fmedia&parent=89311"}],"wp:term":[{"taxonomy":"category","embeddable":true,"href":"https:\/\/themexicopost.com\/index.php?rest_route=%2Fwp%2Fv2%2Fcategories&post=89311"},{"taxonomy":"post_tag","embeddable":true,"href":"https:\/\/themexicopost.com\/index.php?rest_route=%2Fwp%2Fv2%2Ftags&post=89311"}],"curies":[{"name":"wp","href":"https:\/\/api.w.org\/{rel}","templated":true}]}}