{"id":89314,"date":"2026-09-02T07:15:29","date_gmt":"2026-09-02T13:15:29","guid":{"rendered":"https:\/\/themexicopost.com\/?p=89314"},"modified":"2026-09-02T07:15:32","modified_gmt":"2026-09-02T13:15:32","slug":"aeropuerto-de-caracas-vuelve-a-operar-tras-mas-de-dos-meses-de-cierre-por-terremotos","status":"publish","type":"post","link":"https:\/\/themexicopost.com\/?p=89314","title":{"rendered":"Aeropuerto de Caracas vuelve a operar tras m\u00e1s de dos meses de cierre por terremotos"},"content":{"rendered":"\n<figure class=\"wp-block-pullquote\"><blockquote><p>Maiquet\u00eda reanud\u00f3 vuelos internacionales con terminales temporales, mientras el gobierno venezolano busca recuperar gradualmente su capacidad operativa.<\/p><\/blockquote><\/figure>\n\n\n\n<p class=\"has-drop-cap wp-block-paragraph\">El Aeropuerto Internacional Sim\u00f3n Bol\u00edvar de Maiquet\u00eda, principal terminal a\u00e9rea de Venezuela y puerta de entrada a Caracas, retom\u00f3 este martes sus operaciones comerciales despu\u00e9s de permanecer cerrado durante m\u00e1s de dos meses debido a los graves da\u00f1os provocados por los terremotos registrados en junio.<br><\/p>\n\n\n\n<p class=\"wp-block-paragraph\">El aeropuerto, ubicado en el estado La Guaira, una de las zonas m\u00e1s afectadas por los sismos del 24 de junio, comenz\u00f3 esta nueva etapa con instalaciones temporales y una programaci\u00f3n inicial de cuatro vuelos internacionales de llegada y cuatro de salida.<br><\/p>\n\n\n\n<p class=\"wp-block-paragraph\">El ministro de Transporte, Francisco Garc\u00e9s, se\u00f1al\u00f3 que la reapertura permitir\u00e1 recuperar aproximadamente 25% de las operaciones que ten\u00eda Maiquet\u00eda antes de los terremotos. El funcionario adelant\u00f3 que el objetivo es elevar progresivamente esa capacidad hasta 40% en los pr\u00f3ximos meses y alcanzar posteriormente alrededor de 60%.<br><\/p>\n\n\n\n<p class=\"wp-block-paragraph\">La reapertura comenz\u00f3 con la llegada de un vuelo procedente de Miami y la salida de otro con destino a Ciudad de M\u00e9xico. Durante las primeras tres semanas de septiembre, al menos 14 aerol\u00edneas tienen previsto retomar operaciones, entre ellas Air Europa, Iberia, Plus Ultra, American Airlines, Copa Airlines, Avianca, LATAM Colombia y GOL.<br><\/p>\n\n\n\n<figure class=\"wp-block-image size-large\"><img fetchpriority=\"high\" decoding=\"async\" width=\"1024\" height=\"684\" src=\"https:\/\/themexicopost.com\/wp-content\/uploads\/2026\/09\/aeropuerto-2-1024x684.jpg\" alt=\"\" class=\"wp-image-89320\" srcset=\"https:\/\/themexicopost.com\/wp-content\/uploads\/2026\/09\/aeropuerto-2-1024x684.jpg 1024w, https:\/\/themexicopost.com\/wp-content\/uploads\/2026\/09\/aeropuerto-2-300x201.jpg 300w, https:\/\/themexicopost.com\/wp-content\/uploads\/2026\/09\/aeropuerto-2-768x513.jpg 768w, https:\/\/themexicopost.com\/wp-content\/uploads\/2026\/09\/aeropuerto-2.jpg 1200w\" sizes=\"(max-width: 1024px) 100vw, 1024px\" \/><\/figure>\n\n\n\n<p class=\"wp-block-paragraph\">Tambi\u00e9n regresar\u00e1n compa\u00f1\u00edas venezolanas como L\u00e1ser, Conviasa, Venezolana de Aviaci\u00f3n, Estelar, Rutaca y Avior.<br><\/p>\n\n\n\n<p class=\"wp-block-paragraph\">Las terminales provisionales tendr\u00e1n capacidad para 2 mil 168 personas y contar\u00e1n con climatizaci\u00f3n, conexi\u00f3n wifi, \u00e1reas de espera, ba\u00f1os, servicio m\u00e9dico, estaciones de carga y accesos para pasajeros con movilidad reducida.<br><\/p>\n\n\n\n<p class=\"wp-block-paragraph\">Mientras se normalizan las operaciones en Maiquet\u00eda, parte del tr\u00e1fico internacional continuar\u00e1 siendo atendido en los aeropuertos de Valencia, en Carabobo, y Barcelona, en Anzo\u00e1tegui.<br><\/p>\n\n\n\n<p class=\"wp-block-paragraph\">El cierre de la principal terminal a\u00e9rea venezolana se produjo despu\u00e9s de dos terremotos de magnitud 7.2 y 7.5, que provocaron graves da\u00f1os en distintas instalaciones. De acuerdo con el balance oficial citado en el reporte, los sismos dejaron m\u00e1s de 6 mil 500 muertos y un n\u00famero a\u00fan no determinado de desaparecidos.<br><\/p>\n\n\n\n<p class=\"wp-block-paragraph\">El gobierno venezolano busca ahora acelerar la recuperaci\u00f3n de la infraestructura aeroportuaria y aumentar gradualmente el n\u00famero de vuelos, con el prop\u00f3sito de restablecer la conectividad a\u00e9rea que exist\u00eda antes de la emergencia.<\/p>\n","protected":false},"excerpt":{"rendered":"<p>Maiquet\u00eda reanud\u00f3 vuelos internacionales con terminales temporales, mientras el gobierno venezolano busca recuperar gradualmente su capacidad operativa. El Aeropuerto Internacional Sim\u00f3n Bol\u00edvar de Maiquet\u00eda, principal terminal a\u00e9rea de Venezuela y puerta de entrada a Caracas, retom\u00f3 este martes sus operaciones comerciales despu\u00e9s de permanecer cerrado durante m\u00e1s de dos meses debido a los graves da\u00f1os [&hellip;]<\/p>\n","protected":false},"author":1,"featured_media":89319,"comment_status":"closed","ping_status":"closed","sticky":false,"template":"","format":"standard","meta":{"footnotes":""},"categories":[83,80],"tags":[],"class_list":["post-89314","post","type-post","status-publish","format-standard","has-post-thumbnail","hentry","category-destacado","category-mundo"],"_links":{"self":[{"href":"https:\/\/themexicopost.com\/index.php?rest_route=\/wp\/v2\/posts\/89314","targetHints":{"allow":["GET"]}}],"collection":[{"href":"https:\/\/themexicopost.com\/index.php?rest_route=\/wp\/v2\/posts"}],"about":[{"href":"https:\/\/themexicopost.com\/index.php?rest_route=\/wp\/v2\/types\/post"}],"author":[{"embeddable":true,"href":"https:\/\/themexicopost.com\/index.php?rest_route=\/wp\/v2\/users\/1"}],"replies":[{"embeddable":true,"href":"https:\/\/themexicopost.com\/index.php?rest_route=%2Fwp%2Fv2%2Fcomments&post=89314"}],"version-history":[{"count":1,"href":"https:\/\/themexicopost.com\/index.php?rest_route=\/wp\/v2\/posts\/89314\/revisions"}],"predecessor-version":[{"id":89321,"href":"https:\/\/themexicopost.com\/index.php?rest_route=\/wp\/v2\/posts\/89314\/revisions\/89321"}],"wp:featuredmedia":[{"embeddable":true,"href":"https:\/\/themexicopost.com\/index.php?rest_route=\/wp\/v2\/media\/89319"}],"wp:attachment":[{"href":"https:\/\/themexicopost.com\/index.php?rest_route=%2Fwp%2Fv2%2Fmedia&parent=89314"}],"wp:term":[{"taxonomy":"category","embeddable":true,"href":"https:\/\/themexicopost.com\/index.php?rest_route=%2Fwp%2Fv2%2Fcategories&post=89314"},{"taxonomy":"post_tag","embeddable":true,"href":"https:\/\/themexicopost.com\/index.php?rest_route=%2Fwp%2Fv2%2Ftags&post=89314"}],"curies":[{"name":"wp","href":"https:\/\/api.w.org\/{rel}","templated":true}]}}