{"id":89322,"date":"2026-09-02T07:17:52","date_gmt":"2026-09-02T13:17:52","guid":{"rendered":"https:\/\/themexicopost.com\/?p=89322"},"modified":"2026-09-02T07:17:54","modified_gmt":"2026-09-02T13:17:54","slug":"juez-de-utah-lleva-a-juicio-a-tyler-robinson-por-el-asesinato-de-charlie-kirk","status":"publish","type":"post","link":"https:\/\/themexicopost.com\/?p=89322","title":{"rendered":"Juez de Utah lleva a juicio a Tyler Robinson por el asesinato de Charlie Kirk"},"content":{"rendered":"\n<figure class=\"wp-block-pullquote\"><blockquote><p>La Fiscal\u00eda present\u00f3 pruebas que, seg\u00fan el juez, vinculan de manera contundente al acusado con el ataque y permiten solicitar la pena de muerte.<\/p><\/blockquote><\/figure>\n\n\n\n<p class=\"has-drop-cap wp-block-paragraph\">Un juez de Utah orden\u00f3 que Tyler Robinson, de 22 a\u00f1os, sea sometido a juicio por el asesinato del activista ultraconservador Charlie Kirk, ocurrido el 10 de septiembre del a\u00f1o pasado durante un evento en la Universidad del Valle de Utah, en Orem.<br><\/p>\n\n\n\n<p class=\"wp-block-paragraph\">El juez del Tribunal de Distrito de Utah, Tony Graf, consider\u00f3 que la Fiscal\u00eda present\u00f3 evidencia suficiente y calific\u00f3 las pruebas como \u201cabrumadoras\u201d, al sostener que existe una creencia razonable de que Robinson fue quien dispar\u00f3 contra Kirk.<br><\/p>\n\n\n\n<p class=\"wp-block-paragraph\">Durante la audiencia fueron presentados videos, im\u00e1genes de vigilancia, pruebas forenses y mensajes de texto que presuntamente vinculan al acusado con el crimen. Entre los testimonios destac\u00f3 el de Lance Twiggs, quien compart\u00eda vivienda con Robinson y asegur\u00f3 que este le confes\u00f3 el asesinato entre l\u00e1grimas, diciendo que \u201cojal\u00e1 no lo hubiera hecho\u201d.<br><\/p>\n\n\n\n<p class=\"wp-block-paragraph\">La Fiscal\u00eda tambi\u00e9n present\u00f3 comunicaciones en las que Robinson habr\u00eda reconocido haber disparado contra Kirk. A ello se suma evidencia forense, incluido ADN localizado en el gatillo del arma, adem\u00e1s de material obtenido de c\u00e1maras de seguridad.<br><\/p>\n\n\n\n<p class=\"wp-block-paragraph\">El juez autoriz\u00f3 adem\u00e1s a la Fiscal\u00eda a solicitar la pena de muerte contra Robinson, quien enfrenta siete cargos relacionados con el homicidio.<br><\/p>\n\n\n\n<p class=\"wp-block-paragraph\">La defensa intent\u00f3 impedir la difusi\u00f3n de parte de las pruebas al argumentar que podr\u00edan afectar el derecho de su cliente a un juicio justo y a un jurado imparcial. Graf permiti\u00f3 la presentaci\u00f3n p\u00fablica de parte del material, aunque orden\u00f3 mantener bajo reserva algunos fragmentos.<br><\/p>\n\n\n\n<p class=\"wp-block-paragraph\">Robinson no se declar\u00f3 culpable durante la audiencia. Sus abogados solicitaron una pr\u00f3rroga y el juez fij\u00f3 una nueva comparecencia para el pr\u00f3ximo 23 de octubre.<\/p>\n","protected":false},"excerpt":{"rendered":"<p>La Fiscal\u00eda present\u00f3 pruebas que, seg\u00fan el juez, vinculan de manera contundente al acusado con el ataque y permiten solicitar la pena de muerte. Un juez de Utah orden\u00f3 que Tyler Robinson, de 22 a\u00f1os, sea sometido a juicio por el asesinato del activista ultraconservador Charlie Kirk, ocurrido el 10 de septiembre del a\u00f1o pasado [&hellip;]<\/p>\n","protected":false},"author":1,"featured_media":89326,"comment_status":"closed","ping_status":"closed","sticky":false,"template":"","format":"standard","meta":{"footnotes":""},"categories":[83,80,85],"tags":[],"class_list":["post-89322","post","type-post","status-publish","format-standard","has-post-thumbnail","hentry","category-destacado","category-mundo","category-portada"],"_links":{"self":[{"href":"https:\/\/themexicopost.com\/index.php?rest_route=\/wp\/v2\/posts\/89322","targetHints":{"allow":["GET"]}}],"collection":[{"href":"https:\/\/themexicopost.com\/index.php?rest_route=\/wp\/v2\/posts"}],"about":[{"href":"https:\/\/themexicopost.com\/index.php?rest_route=\/wp\/v2\/types\/post"}],"author":[{"embeddable":true,"href":"https:\/\/themexicopost.com\/index.php?rest_route=\/wp\/v2\/users\/1"}],"replies":[{"embeddable":true,"href":"https:\/\/themexicopost.com\/index.php?rest_route=%2Fwp%2Fv2%2Fcomments&post=89322"}],"version-history":[{"count":1,"href":"https:\/\/themexicopost.com\/index.php?rest_route=\/wp\/v2\/posts\/89322\/revisions"}],"predecessor-version":[{"id":89327,"href":"https:\/\/themexicopost.com\/index.php?rest_route=\/wp\/v2\/posts\/89322\/revisions\/89327"}],"wp:featuredmedia":[{"embeddable":true,"href":"https:\/\/themexicopost.com\/index.php?rest_route=\/wp\/v2\/media\/89326"}],"wp:attachment":[{"href":"https:\/\/themexicopost.com\/index.php?rest_route=%2Fwp%2Fv2%2Fmedia&parent=89322"}],"wp:term":[{"taxonomy":"category","embeddable":true,"href":"https:\/\/themexicopost.com\/index.php?rest_route=%2Fwp%2Fv2%2Fcategories&post=89322"},{"taxonomy":"post_tag","embeddable":true,"href":"https:\/\/themexicopost.com\/index.php?rest_route=%2Fwp%2Fv2%2Ftags&post=89322"}],"curies":[{"name":"wp","href":"https:\/\/api.w.org\/{rel}","templated":true}]}}