{"id":89325,"date":"2026-09-02T07:18:52","date_gmt":"2026-09-02T13:18:52","guid":{"rendered":"https:\/\/themexicopost.com\/?p=89325"},"modified":"2026-09-02T07:18:54","modified_gmt":"2026-09-02T13:18:54","slug":"keir-starmer-deja-el-parlamento-y-se-aleja-definitivamente-de-la-politica-britanica","status":"publish","type":"post","link":"https:\/\/themexicopost.com\/?p=89325","title":{"rendered":"Keir Starmer deja el Parlamento y se aleja definitivamente de la pol\u00edtica brit\u00e1nica"},"content":{"rendered":"\n<figure class=\"wp-block-pullquote\"><blockquote><p>El ex primer ministro anunci\u00f3 su renuncia como diputado apenas seis semanas despu\u00e9s de abandonar Downing Street y dijo que se enfocar\u00e1 en asuntos internacionales.<\/p><\/blockquote><\/figure>\n\n\n\n<p class=\"has-drop-cap wp-block-paragraph\">El ex primer ministro brit\u00e1nico Keir Starmer anunci\u00f3 que dejar\u00e1 tambi\u00e9n su esca\u00f1o en el Parlamento, apenas seis semanas despu\u00e9s de renunciar al liderazgo del Gobierno tras perder respaldo dentro del Partido Laborista.<br><\/p>\n\n\n\n<p class=\"wp-block-paragraph\">Starmer hab\u00eda llegado al poder en 2024 al conseguir una de las mayor\u00edas parlamentarias m\u00e1s amplias de la historia moderna del Reino Unido. Su triunfo represent\u00f3 un importante giro para el Partido Laborista, que a\u00f1os antes hab\u00eda sufrido uno de sus peores resultados electorales.<br><\/p>\n\n\n\n<p class=\"wp-block-paragraph\">Sin embargo, durante su gesti\u00f3n, la popularidad de Starmer se deterior\u00f3 progresivamente y comenz\u00f3 a enfrentar cuestionamientos tanto de los votantes como dentro de su propio partido. Finalmente, abandon\u00f3 el cargo de primer ministro y fue sustituido por Andy Burnham, quien se convirti\u00f3 en el s\u00e9ptimo jefe de Gobierno brit\u00e1nico en una d\u00e9cada.<br><\/p>\n\n\n\n<p class=\"wp-block-paragraph\">Inicialmente, Starmer hab\u00eda asegurado que permanecer\u00eda como diputado hasta las pr\u00f3ximas elecciones generales. No obstante, en declaraciones al Camden New Journal, peri\u00f3dico de su circunscripci\u00f3n del norte de Londres, explic\u00f3 que cambi\u00f3 de opini\u00f3n y ahora pretende \u201ccentrarse en los asuntos internacionales\u201d.<br><\/p>\n\n\n\n<p class=\"wp-block-paragraph\">Posteriormente confirm\u00f3 su decisi\u00f3n a trav\u00e9s de redes sociales, aunque todav\u00eda no se ha informado cu\u00e1ndo se celebrar\u00e1 la elecci\u00f3n para ocupar su esca\u00f1o en Holborn y St Pancras.<br><\/p>\n\n\n\n<p class=\"wp-block-paragraph\">A pesar del desplome de su popularidad interna, la pol\u00edtica exterior fue considerada uno de los puntos fuertes de su administraci\u00f3n. Starmer trabaj\u00f3 junto con el presidente franc\u00e9s Emmanuel Macron para impulsar la llamada \u201cCoalici\u00f3n de los Dispuestos\u201d en apoyo a Ucrania, adem\u00e1s de restablecer relaciones con China y reconocer al Estado palestino.<br><\/p>\n\n\n\n<p class=\"wp-block-paragraph\">Tambi\u00e9n busc\u00f3 fortalecer la relaci\u00f3n con el presidente estadounidense Donald Trump, aunque esos esfuerzos tuvieron resultados desiguales.<br><\/p>\n\n\n\n<p class=\"wp-block-paragraph\">Starmer hab\u00eda conservado c\u00f3modamente su distrito en las elecciones de 2024, con una ventaja de m\u00e1s de 11 mil 500 votos, aunque un candidato independiente centrado en la oposici\u00f3n a la guerra de Israel en Gaza consigui\u00f3 cerca del 19% de los sufragios.<br><\/p>\n\n\n\n<p class=\"wp-block-paragraph\">Con su salida del Parlamento, Starmer pone fin a una etapa pol\u00edtica que comenz\u00f3 con su llegada al liderazgo laborista y que posteriormente lo llev\u00f3 a ocupar el cargo de primer ministro. Ahora, seg\u00fan sus propias palabras, buscar\u00e1 concentrarse en asuntos de car\u00e1cter internacional fuera de la primera l\u00ednea de la pol\u00edtica brit\u00e1nica.<\/p>\n","protected":false},"excerpt":{"rendered":"<p>El ex primer ministro anunci\u00f3 su renuncia como diputado apenas seis semanas despu\u00e9s de abandonar Downing Street y dijo que se enfocar\u00e1 en asuntos internacionales. El ex primer ministro brit\u00e1nico Keir Starmer anunci\u00f3 que dejar\u00e1 tambi\u00e9n su esca\u00f1o en el Parlamento, apenas seis semanas despu\u00e9s de renunciar al liderazgo del Gobierno tras perder respaldo dentro [&hellip;]<\/p>\n","protected":false},"author":1,"featured_media":89329,"comment_status":"closed","ping_status":"closed","sticky":false,"template":"","format":"standard","meta":{"footnotes":""},"categories":[83,80,85],"tags":[],"class_list":["post-89325","post","type-post","status-publish","format-standard","has-post-thumbnail","hentry","category-destacado","category-mundo","category-portada"],"_links":{"self":[{"href":"https:\/\/themexicopost.com\/index.php?rest_route=\/wp\/v2\/posts\/89325","targetHints":{"allow":["GET"]}}],"collection":[{"href":"https:\/\/themexicopost.com\/index.php?rest_route=\/wp\/v2\/posts"}],"about":[{"href":"https:\/\/themexicopost.com\/index.php?rest_route=\/wp\/v2\/types\/post"}],"author":[{"embeddable":true,"href":"https:\/\/themexicopost.com\/index.php?rest_route=\/wp\/v2\/users\/1"}],"replies":[{"embeddable":true,"href":"https:\/\/themexicopost.com\/index.php?rest_route=%2Fwp%2Fv2%2Fcomments&post=89325"}],"version-history":[{"count":1,"href":"https:\/\/themexicopost.com\/index.php?rest_route=\/wp\/v2\/posts\/89325\/revisions"}],"predecessor-version":[{"id":89330,"href":"https:\/\/themexicopost.com\/index.php?rest_route=\/wp\/v2\/posts\/89325\/revisions\/89330"}],"wp:featuredmedia":[{"embeddable":true,"href":"https:\/\/themexicopost.com\/index.php?rest_route=\/wp\/v2\/media\/89329"}],"wp:attachment":[{"href":"https:\/\/themexicopost.com\/index.php?rest_route=%2Fwp%2Fv2%2Fmedia&parent=89325"}],"wp:term":[{"taxonomy":"category","embeddable":true,"href":"https:\/\/themexicopost.com\/index.php?rest_route=%2Fwp%2Fv2%2Fcategories&post=89325"},{"taxonomy":"post_tag","embeddable":true,"href":"https:\/\/themexicopost.com\/index.php?rest_route=%2Fwp%2Fv2%2Ftags&post=89325"}],"curies":[{"name":"wp","href":"https:\/\/api.w.org\/{rel}","templated":true}]}}