{"id":89328,"date":"2026-09-02T07:19:52","date_gmt":"2026-09-02T13:19:52","guid":{"rendered":"https:\/\/themexicopost.com\/?p=89328"},"modified":"2026-09-02T07:19:55","modified_gmt":"2026-09-02T13:19:55","slug":"carney-planta-cara-a-trump-y-exige-a-eua-respetar-la-soberania-de-canada","status":"publish","type":"post","link":"https:\/\/themexicopost.com\/?p=89328","title":{"rendered":"Carney planta cara a Trump y exige a EUA respetar la soberan\u00eda de Canad\u00e1"},"content":{"rendered":"\n<figure class=\"wp-block-pullquote\"><blockquote><p>El primer ministro canadiense advirti\u00f3 que Ottawa no retomar\u00e1 negociaciones comerciales serias mientras Washington mantenga una actitud de provocaci\u00f3n.<\/p><\/blockquote><\/figure>\n\n\n\n<p class=\"has-drop-cap wp-block-paragraph\">El primer ministro de Canad\u00e1, Mark Carney, elev\u00f3 el tono frente al Gobierno de Donald Trump y exigi\u00f3 a Estados Unidos poner fin a las provocaciones contra su pa\u00eds, al tiempo que defendi\u00f3 el derecho de Ottawa a tomar sus propias decisiones econ\u00f3micas, comerciales y culturales.<br><\/p>\n\n\n\n<p class=\"wp-block-paragraph\">Carney calific\u00f3 como impropios los recientes ataques verbales de funcionarios estadounidenses contra Canad\u00e1 y sus Fuerzas Armadas, as\u00ed como las burlas dirigidas a cadetes canadienses y otras expresiones provenientes de Washington que, a su juicio, deterioran la relaci\u00f3n bilateral.<br><\/p>\n\n\n\n<p class=\"wp-block-paragraph\">El primer ministro sostuvo que Canad\u00e1 mantiene la disposici\u00f3n de alcanzar un acuerdo comercial \u201cmutuamente beneficioso\u201d con Estados Unidos, pero advirti\u00f3 que cualquier negociaci\u00f3n deber\u00e1 partir del reconocimiento de la soberan\u00eda canadiense.<br><\/p>\n\n\n\n<p class=\"wp-block-paragraph\">En particular, Carney rechaz\u00f3 cualquier condici\u00f3n que limite la capacidad de Ottawa para proteger la cultura de Quebec y la lengua francesa. Tambi\u00e9n defendi\u00f3 la libertad de Canad\u00e1 para establecer acuerdos comerciales con otros pa\u00edses sin quedar subordinado a los intereses estadounidenses.<br><\/p>\n\n\n\n<p class=\"wp-block-paragraph\">\u201cCanad\u00e1 es un Estado soberano\u201d, afirm\u00f3 el mandatario, al dejar claro que su gobierno no aceptar\u00e1 restricciones para negociar tratados con terceros pa\u00edses.<br><\/p>\n\n\n\n<p class=\"wp-block-paragraph\">Carney tambi\u00e9n cuestion\u00f3 propuestas estadounidenses que, seg\u00fan se\u00f1al\u00f3, podr\u00edan transformar sectores estrat\u00e9gicos de la econom\u00eda canadiense en \u201cfiliales\u201d de empresas estadounidenses o provocar que determinadas industrias desaparezcan progresivamente frente a la competencia del vecino del sur.<br><\/p>\n\n\n\n<p class=\"wp-block-paragraph\">\u201cNo vamos a aceptar esas condiciones\u201d, sentenci\u00f3.<br><\/p>\n\n\n\n<p class=\"wp-block-paragraph\">Sus declaraciones se produjeron despu\u00e9s de que el Partido Liberal obtuviera la victoria en las tres elecciones parciales celebradas el lunes. Carney interpret\u00f3 los resultados como un respaldo a su estrategia para fortalecer la econom\u00eda canadiense, defender los intereses nacionales y reducir la dependencia comercial de Estados Unidos.<br><\/p>\n\n\n\n<p class=\"wp-block-paragraph\">El choque se suma a una relaci\u00f3n bilateral marcada por tensiones comerciales y diferencias pol\u00edticas, en un momento en que Ottawa busca mantener abiertos los canales de di\u00e1logo sin ceder en asuntos que considera fundamentales para su soberan\u00eda.<\/p>\n","protected":false},"excerpt":{"rendered":"<p>El primer ministro canadiense advirti\u00f3 que Ottawa no retomar\u00e1 negociaciones comerciales serias mientras Washington mantenga una actitud de provocaci\u00f3n. El primer ministro de Canad\u00e1, Mark Carney, elev\u00f3 el tono frente al Gobierno de Donald Trump y exigi\u00f3 a Estados Unidos poner fin a las provocaciones contra su pa\u00eds, al tiempo que defendi\u00f3 el derecho de [&hellip;]<\/p>\n","protected":false},"author":1,"featured_media":89331,"comment_status":"closed","ping_status":"closed","sticky":false,"template":"","format":"standard","meta":{"footnotes":""},"categories":[83,80,85],"tags":[],"class_list":["post-89328","post","type-post","status-publish","format-standard","has-post-thumbnail","hentry","category-destacado","category-mundo","category-portada"],"_links":{"self":[{"href":"https:\/\/themexicopost.com\/index.php?rest_route=\/wp\/v2\/posts\/89328","targetHints":{"allow":["GET"]}}],"collection":[{"href":"https:\/\/themexicopost.com\/index.php?rest_route=\/wp\/v2\/posts"}],"about":[{"href":"https:\/\/themexicopost.com\/index.php?rest_route=\/wp\/v2\/types\/post"}],"author":[{"embeddable":true,"href":"https:\/\/themexicopost.com\/index.php?rest_route=\/wp\/v2\/users\/1"}],"replies":[{"embeddable":true,"href":"https:\/\/themexicopost.com\/index.php?rest_route=%2Fwp%2Fv2%2Fcomments&post=89328"}],"version-history":[{"count":1,"href":"https:\/\/themexicopost.com\/index.php?rest_route=\/wp\/v2\/posts\/89328\/revisions"}],"predecessor-version":[{"id":89332,"href":"https:\/\/themexicopost.com\/index.php?rest_route=\/wp\/v2\/posts\/89328\/revisions\/89332"}],"wp:featuredmedia":[{"embeddable":true,"href":"https:\/\/themexicopost.com\/index.php?rest_route=\/wp\/v2\/media\/89331"}],"wp:attachment":[{"href":"https:\/\/themexicopost.com\/index.php?rest_route=%2Fwp%2Fv2%2Fmedia&parent=89328"}],"wp:term":[{"taxonomy":"category","embeddable":true,"href":"https:\/\/themexicopost.com\/index.php?rest_route=%2Fwp%2Fv2%2Fcategories&post=89328"},{"taxonomy":"post_tag","embeddable":true,"href":"https:\/\/themexicopost.com\/index.php?rest_route=%2Fwp%2Fv2%2Ftags&post=89328"}],"curies":[{"name":"wp","href":"https:\/\/api.w.org\/{rel}","templated":true}]}}