{"id":89359,"date":"2026-09-03T07:06:44","date_gmt":"2026-09-03T13:06:44","guid":{"rendered":"https:\/\/themexicopost.com\/?p=89359"},"modified":"2026-09-03T07:06:46","modified_gmt":"2026-09-03T13:06:46","slug":"guerrero-acerca-mastografias-a-comunidades-amuzgas-para-detectar-a-tiempo-el-cancer-de-mama","status":"publish","type":"post","link":"https:\/\/themexicopost.com\/?p=89359","title":{"rendered":"Guerrero acerca mastograf\u00edas a comunidades amuzgas para detectar a tiempo el c\u00e1ncer de mama"},"content":{"rendered":"\n<figure class=\"wp-block-pullquote\"><blockquote><p>La campa\u00f1a recorrer\u00e1 durante 40 d\u00edas municipios de la Costa Chica y contempla realizar estudios a 942 mujeres mayores de 40 a\u00f1os.<\/p><\/blockquote><\/figure>\n\n\n\n<p class=\"has-drop-cap wp-block-paragraph\">La gobernadora de Guerrero, Evelyn Salgado Pineda, puso en marcha una campa\u00f1a de mastograf\u00edas que recorrer\u00e1 durante 40 d\u00edas comunidades amuzgas de los municipios de Ometepec, Xochistlahuaca y Tlacoachistlahuaca, en la regi\u00f3n de la Costa Chica, con el prop\u00f3sito de fortalecer la prevenci\u00f3n y detecci\u00f3n oportuna del c\u00e1ncer de mama.<br><\/p>\n\n\n\n<p class=\"wp-block-paragraph\">La estrategia forma parte del Plan de Justicia y Desarrollo del Pueblo Amuzgo y busca acercar servicios especializados de salud a mujeres ind\u00edgenas y afromexicanas que habitan en localidades de la regi\u00f3n. Como parte del arranque, la mandataria estatal entreg\u00f3 una unidad m\u00f3vil de mastograf\u00eda, que permitir\u00e1 llevar los estudios directamente a las comunidades.<br><\/p>\n\n\n\n<p class=\"wp-block-paragraph\">La secretaria de Salud estatal, Alondra Garc\u00eda Carbajal, inform\u00f3 que la campa\u00f1a tiene como meta atender a 942 mujeres mayores de 40 a\u00f1os. De esta cifra, 292 corresponden a Ometepec, 211 a Tlacoachistlahuaca y 438 a Xochistlahuaca.<br><\/p>\n\n\n\n<p class=\"wp-block-paragraph\">La funcionaria explic\u00f3 que las mastograf\u00edas permitir\u00e1n identificar posibles lesiones en etapas tempranas y, en los casos que lo requieran, canalizar a las pacientes hacia las rutas correspondientes de diagn\u00f3stico y tratamiento. Destac\u00f3 que la detecci\u00f3n oportuna incrementa significativamente las posibilidades de recuperaci\u00f3n.<br><\/p>\n\n\n\n<p class=\"wp-block-paragraph\">Durante el evento tambi\u00e9n se entreg\u00f3 una unidad destinada a fortalecer las colectas comunitarias de donaci\u00f3n de sangre y las operaciones del Centro Estatal de Medicina Transfusional.<br><\/p>\n\n\n\n<p class=\"wp-block-paragraph\">La Secretar\u00eda de Salud de Guerrero record\u00f3 que el Instituto Estatal de Cancerolog\u00eda mantiene disponibles servicios de atenci\u00f3n y tratamiento para pacientes que requieran seguimiento especializado, como parte de las acciones para fortalecer la atenci\u00f3n integral del c\u00e1ncer en la entidad.<br><\/p>\n\n\n\n<p class=\"wp-block-paragraph\">Con esta campa\u00f1a, el Gobierno de Guerrero busca reducir las barreras de acceso a estudios preventivos y acercar los servicios de salud a comunidades hist\u00f3ricamente alejadas de la atenci\u00f3n especializada.<\/p>\n","protected":false},"excerpt":{"rendered":"<p>La campa\u00f1a recorrer\u00e1 durante 40 d\u00edas municipios de la Costa Chica y contempla realizar estudios a 942 mujeres mayores de 40 a\u00f1os. La gobernadora de Guerrero, Evelyn Salgado Pineda, puso en marcha una campa\u00f1a de mastograf\u00edas que recorrer\u00e1 durante 40 d\u00edas comunidades amuzgas de los municipios de Ometepec, Xochistlahuaca y Tlacoachistlahuaca, en la regi\u00f3n de [&hellip;]<\/p>\n","protected":false},"author":1,"featured_media":89364,"comment_status":"closed","ping_status":"closed","sticky":false,"template":"","format":"standard","meta":{"footnotes":""},"categories":[83,81],"tags":[],"class_list":["post-89359","post","type-post","status-publish","format-standard","has-post-thumbnail","hentry","category-destacado","category-nacional"],"_links":{"self":[{"href":"https:\/\/themexicopost.com\/index.php?rest_route=\/wp\/v2\/posts\/89359","targetHints":{"allow":["GET"]}}],"collection":[{"href":"https:\/\/themexicopost.com\/index.php?rest_route=\/wp\/v2\/posts"}],"about":[{"href":"https:\/\/themexicopost.com\/index.php?rest_route=\/wp\/v2\/types\/post"}],"author":[{"embeddable":true,"href":"https:\/\/themexicopost.com\/index.php?rest_route=\/wp\/v2\/users\/1"}],"replies":[{"embeddable":true,"href":"https:\/\/themexicopost.com\/index.php?rest_route=%2Fwp%2Fv2%2Fcomments&post=89359"}],"version-history":[{"count":1,"href":"https:\/\/themexicopost.com\/index.php?rest_route=\/wp\/v2\/posts\/89359\/revisions"}],"predecessor-version":[{"id":89365,"href":"https:\/\/themexicopost.com\/index.php?rest_route=\/wp\/v2\/posts\/89359\/revisions\/89365"}],"wp:featuredmedia":[{"embeddable":true,"href":"https:\/\/themexicopost.com\/index.php?rest_route=\/wp\/v2\/media\/89364"}],"wp:attachment":[{"href":"https:\/\/themexicopost.com\/index.php?rest_route=%2Fwp%2Fv2%2Fmedia&parent=89359"}],"wp:term":[{"taxonomy":"category","embeddable":true,"href":"https:\/\/themexicopost.com\/index.php?rest_route=%2Fwp%2Fv2%2Fcategories&post=89359"},{"taxonomy":"post_tag","embeddable":true,"href":"https:\/\/themexicopost.com\/index.php?rest_route=%2Fwp%2Fv2%2Ftags&post=89359"}],"curies":[{"name":"wp","href":"https:\/\/api.w.org\/{rel}","templated":true}]}}