{"id":89363,"date":"2026-09-03T07:07:25","date_gmt":"2026-09-03T13:07:25","guid":{"rendered":"https:\/\/themexicopost.com\/?p=89363"},"modified":"2026-09-03T07:07:25","modified_gmt":"2026-09-03T13:07:25","slug":"103-reformas-se-han-aprobado-para-fortalecer-la-soberania-nacional","status":"publish","type":"post","link":"https:\/\/themexicopost.com\/?p=89363","title":{"rendered":"103 reformas se han aprobado para fortalecer la soberan\u00eda nacional"},"content":{"rendered":"\n<figure class=\"wp-block-pullquote\"><blockquote><p>Resalt\u00f3 la aprobaci\u00f3n de 27 reformas constitucionales y 76 legales durante los dos primeros a\u00f1os de gobierno de la Cuarta Transformaci\u00f3n.<\/p><\/blockquote><\/figure>\n\n\n\n<p class=\"has-drop-cap wp-block-paragraph\">El gobierno federal destac\u00f3 la aprobaci\u00f3n de 27 reformas constitucionales y 76 reformas legales durante los dos primeros a\u00f1os de su gobierno, al se\u00f1alar que estos cambios representan una transformaci\u00f3n profunda del pa\u00eds y buscan recuperar el sentido social y la soberan\u00eda de la Constituci\u00f3n.<br><\/p>\n\n\n\n<p class=\"wp-block-paragraph\">Las reformas impulsadas fortalecen la soberan\u00eda nacional, la democracia, la austeridad republicana, la seguridad y el combate a la impunidad, adem\u00e1s de ampliar los derechos sociales y consolidar los Programas para el Bienestar y la Prosperidad Compartida.<br><\/p>\n\n\n\n<p class=\"wp-block-paragraph\">Uno de los principales cambios ha sido el reconocimiento constitucional de los pueblos ind\u00edgenas y afromexicanos como sujetos de derecho p\u00fablico, as\u00ed como el fortalecimiento de derechos relacionados con vivienda, salud, educaci\u00f3n y bienestar.<br><\/p>\n\n\n\n<p class=\"wp-block-paragraph\">Las reformas orientadas a recuperar la rector\u00eda del Estado sobre sectores estrat\u00e9gicos y recursos naturales, fortalecer la soberan\u00eda alimentaria, garantizar el derecho humano al agua y proteger al pa\u00eds frente a posibles actos de intervenci\u00f3n extranjera.<br><\/p>\n\n\n\n<p class=\"wp-block-paragraph\">En materia democr\u00e1tica, resalt\u00f3 las modificaciones encaminadas a combatir el nepotismo y la reelecci\u00f3n, as\u00ed como la transformaci\u00f3n de instituciones y mecanismos de participaci\u00f3n ciudadana. En seguridad y justicia, subray\u00f3 las acciones para combatir delitos como la extorsi\u00f3n, el tr\u00e1fico de fentanilo, el lavado de dinero, el tr\u00e1fico de armas y el feminicidio, adem\u00e1s de fortalecer las instituciones encargadas de la procuraci\u00f3n de justicia.<br><\/p>\n\n\n\n<p class=\"wp-block-paragraph\">La consejera jur\u00eddica del Ejecutivo Federal, Luisa Mar\u00eda Alcalde Luj\u00e1n, explic\u00f3 que las reformas tambi\u00e9n contemplan avances en derechos laborales, vivienda, protecci\u00f3n ambiental, bienestar animal y simplificaci\u00f3n administrativa, adem\u00e1s de medidas para fortalecer la inversi\u00f3n p\u00fablica y privada.<br><\/p>\n\n\n\n<p class=\"wp-block-paragraph\">En materia de derechos de las mujeres, destac\u00f3 la incorporaci\u00f3n de la igualdad sustantiva, as\u00ed como mecanismos para prevenir, investigar y sancionar las violencias de g\u00e9nero. Tambi\u00e9n se establecieron nuevas disposiciones para proteger a ni\u00f1as, ni\u00f1os y adolescentes.<\/p>\n","protected":false},"excerpt":{"rendered":"<p>Resalt\u00f3 la aprobaci\u00f3n de 27 reformas constitucionales y 76 legales durante los dos primeros a\u00f1os de gobierno de la Cuarta Transformaci\u00f3n. El gobierno federal destac\u00f3 la aprobaci\u00f3n de 27 reformas constitucionales y 76 reformas legales durante los dos primeros a\u00f1os de su gobierno, al se\u00f1alar que estos cambios representan una transformaci\u00f3n profunda del pa\u00eds y [&hellip;]<\/p>\n","protected":false},"author":1,"featured_media":89367,"comment_status":"closed","ping_status":"closed","sticky":false,"template":"","format":"standard","meta":{"footnotes":""},"categories":[81],"tags":[],"class_list":["post-89363","post","type-post","status-publish","format-standard","has-post-thumbnail","hentry","category-nacional"],"_links":{"self":[{"href":"https:\/\/themexicopost.com\/index.php?rest_route=\/wp\/v2\/posts\/89363","targetHints":{"allow":["GET"]}}],"collection":[{"href":"https:\/\/themexicopost.com\/index.php?rest_route=\/wp\/v2\/posts"}],"about":[{"href":"https:\/\/themexicopost.com\/index.php?rest_route=\/wp\/v2\/types\/post"}],"author":[{"embeddable":true,"href":"https:\/\/themexicopost.com\/index.php?rest_route=\/wp\/v2\/users\/1"}],"replies":[{"embeddable":true,"href":"https:\/\/themexicopost.com\/index.php?rest_route=%2Fwp%2Fv2%2Fcomments&post=89363"}],"version-history":[{"count":1,"href":"https:\/\/themexicopost.com\/index.php?rest_route=\/wp\/v2\/posts\/89363\/revisions"}],"predecessor-version":[{"id":89368,"href":"https:\/\/themexicopost.com\/index.php?rest_route=\/wp\/v2\/posts\/89363\/revisions\/89368"}],"wp:featuredmedia":[{"embeddable":true,"href":"https:\/\/themexicopost.com\/index.php?rest_route=\/wp\/v2\/media\/89367"}],"wp:attachment":[{"href":"https:\/\/themexicopost.com\/index.php?rest_route=%2Fwp%2Fv2%2Fmedia&parent=89363"}],"wp:term":[{"taxonomy":"category","embeddable":true,"href":"https:\/\/themexicopost.com\/index.php?rest_route=%2Fwp%2Fv2%2Fcategories&post=89363"},{"taxonomy":"post_tag","embeddable":true,"href":"https:\/\/themexicopost.com\/index.php?rest_route=%2Fwp%2Fv2%2Ftags&post=89363"}],"curies":[{"name":"wp","href":"https:\/\/api.w.org\/{rel}","templated":true}]}}