{"id":89369,"date":"2026-09-03T07:08:42","date_gmt":"2026-09-03T13:08:42","guid":{"rendered":"https:\/\/themexicopost.com\/?p=89369"},"modified":"2026-09-03T07:08:42","modified_gmt":"2026-09-03T13:08:42","slug":"toluca-impulsa-recuperacion-ambiental-del-cerro-del-perico-con-plantacion-de-olivos","status":"publish","type":"post","link":"https:\/\/themexicopost.com\/?p=89369","title":{"rendered":"Toluca impulsa recuperaci\u00f3n ambiental del Cerro del Perico con plantaci\u00f3n de olivos"},"content":{"rendered":"\n<figure class=\"wp-block-pullquote\"><blockquote><p>Gobierno de Toluca y habitantes de San Pablo Autopan suman esfuerzos para recuperar este emblem\u00e1tico espacio de convivencia familiar.<\/p><\/blockquote><\/figure>\n\n\n\n<p class=\"has-drop-cap wp-block-paragraph\">El Gobierno Municipal de Toluca, encabezado por el presidente municipal Ricardo Moreno Bastida, fortaleci\u00f3 las acciones de recuperaci\u00f3n ambiental del emblem\u00e1tico Cerro del Perico, en San Pablo Autopan, con la plantaci\u00f3n de 15 \u00e1rboles de olivo de entre 10 y 15 a\u00f1os de vida y una altura de tres a cinco metros.<br><\/p>\n\n\n\n<p class=\"wp-block-paragraph\">La jornada reuni\u00f3 a autoridades municipales, habitantes de la comunidad y representantes locales, quienes sumaron esfuerzos para contribuir al mejoramiento del paisaje, la conservaci\u00f3n del suelo y la generaci\u00f3n de beneficios ambientales para las familias de la zona.<br><\/p>\n\n\n\n<p class=\"wp-block-paragraph\">A trav\u00e9s del secretario del Ayuntamiento, Justo N\u00fa\u00f1ez, el Presidente Municipal agradeci\u00f3 a los concesionarios del Cerro del Perico y a las autoridades eclesi\u00e1sticas de San Pablo Autopan las facilidades otorgadas para desarrollar este proyecto, cuyo prop\u00f3sito es recuperar y transformar este espacio de encuentro para las familias, particularmente durante las celebraciones de Semana Santa.<br><\/p>\n\n\n\n<p class=\"wp-block-paragraph\">Esta primera etapa de plantaci\u00f3n se realiz\u00f3 en un punto estrat\u00e9gico del cerro y se suma a las acciones del Plan Anual de Reforestaci\u00f3n y Restauraci\u00f3n Forestal 2026, que contempla m\u00e1s de 135 mil \u00e1rboles plantados en distintos puntos del municipio.<br><\/p>\n\n\n\n<p class=\"wp-block-paragraph\">Los olivos contribuir\u00e1n a fortalecer las condiciones ambientales del lugar, debido a que son especies con capacidad para capturar di\u00f3xido de carbono y contribuir a la reducci\u00f3n de gases de efecto invernadero. Adem\u00e1s, sus ra\u00edces profundas favorecen la conservaci\u00f3n del suelo y ayudan a disminuir la erosi\u00f3n ocasionada por el viento y la lluvia.<\/p>\n","protected":false},"excerpt":{"rendered":"<p>Gobierno de Toluca y habitantes de San Pablo Autopan suman esfuerzos para recuperar este emblem\u00e1tico espacio de convivencia familiar. El Gobierno Municipal de Toluca, encabezado por el presidente municipal Ricardo Moreno Bastida, fortaleci\u00f3 las acciones de recuperaci\u00f3n ambiental del emblem\u00e1tico Cerro del Perico, en San Pablo Autopan, con la plantaci\u00f3n de 15 \u00e1rboles de olivo [&hellip;]<\/p>\n","protected":false},"author":1,"featured_media":89373,"comment_status":"closed","ping_status":"closed","sticky":false,"template":"","format":"standard","meta":{"footnotes":""},"categories":[81],"tags":[],"class_list":["post-89369","post","type-post","status-publish","format-standard","has-post-thumbnail","hentry","category-nacional"],"_links":{"self":[{"href":"https:\/\/themexicopost.com\/index.php?rest_route=\/wp\/v2\/posts\/89369","targetHints":{"allow":["GET"]}}],"collection":[{"href":"https:\/\/themexicopost.com\/index.php?rest_route=\/wp\/v2\/posts"}],"about":[{"href":"https:\/\/themexicopost.com\/index.php?rest_route=\/wp\/v2\/types\/post"}],"author":[{"embeddable":true,"href":"https:\/\/themexicopost.com\/index.php?rest_route=\/wp\/v2\/users\/1"}],"replies":[{"embeddable":true,"href":"https:\/\/themexicopost.com\/index.php?rest_route=%2Fwp%2Fv2%2Fcomments&post=89369"}],"version-history":[{"count":1,"href":"https:\/\/themexicopost.com\/index.php?rest_route=\/wp\/v2\/posts\/89369\/revisions"}],"predecessor-version":[{"id":89374,"href":"https:\/\/themexicopost.com\/index.php?rest_route=\/wp\/v2\/posts\/89369\/revisions\/89374"}],"wp:featuredmedia":[{"embeddable":true,"href":"https:\/\/themexicopost.com\/index.php?rest_route=\/wp\/v2\/media\/89373"}],"wp:attachment":[{"href":"https:\/\/themexicopost.com\/index.php?rest_route=%2Fwp%2Fv2%2Fmedia&parent=89369"}],"wp:term":[{"taxonomy":"category","embeddable":true,"href":"https:\/\/themexicopost.com\/index.php?rest_route=%2Fwp%2Fv2%2Fcategories&post=89369"},{"taxonomy":"post_tag","embeddable":true,"href":"https:\/\/themexicopost.com\/index.php?rest_route=%2Fwp%2Fv2%2Ftags&post=89369"}],"curies":[{"name":"wp","href":"https:\/\/api.w.org\/{rel}","templated":true}]}}