{"id":89372,"date":"2026-09-03T07:10:47","date_gmt":"2026-09-03T13:10:47","guid":{"rendered":"https:\/\/themexicopost.com\/?p=89372"},"modified":"2026-09-03T07:10:49","modified_gmt":"2026-09-03T13:10:49","slug":"uaemex-avanza-hacia-una-universidad-cuidadora-con-el-bienestar-y-la-igualdad-como-ejes","status":"publish","type":"post","link":"https:\/\/themexicopost.com\/?p=89372","title":{"rendered":"UAEM\u00e9x avanza hacia una Universidad Cuidadora con el bienestar y la igualdad como ejes"},"content":{"rendered":"\n<figure class=\"wp-block-pullquote\"><blockquote><p>La rectora Patricia Zarza Delgado present\u00f3 una pol\u00edtica institucional que busca incorporar la perspectiva de cuidados en la vida acad\u00e9mica, laboral y comunitaria de la Aut\u00f3noma mexiquense.<\/p><\/blockquote><\/figure>\n\n\n\n<p class=\"has-drop-cap wp-block-paragraph\">La Universidad Aut\u00f3noma del Estado de M\u00e9xico (UAEM\u00e9x) dio un nuevo paso en su proceso de transformaci\u00f3n institucional con la presentaci\u00f3n de la Pol\u00edtica Institucional para la Universidad Cuidadora, estrategia que coloca el bienestar, los cuidados y la igualdad sustantiva como ejes transversales de la vida universitaria.<br><\/p>\n\n\n\n<p class=\"wp-block-paragraph\">La iniciativa, impulsada por la rectora Martha Patricia Zarza Delgado, parte del reconocimiento de que quienes estudian, ense\u00f1an, investigan y trabajan en la Universidad tambi\u00e9n realizan tareas de cuidado, por lo que estas responsabilidades no deben convertirse en un obst\u00e1culo para su desarrollo acad\u00e9mico, profesional y personal.<br><\/p>\n\n\n\n<p class=\"wp-block-paragraph\">Durante la presentaci\u00f3n, realizada en el Patio del Centenario del Edificio de Rector\u00eda, Zarza Delgado destac\u00f3 que la propuesta busca construir una instituci\u00f3n m\u00e1s cercana, incluyente y progresista, capaz de reconocer la diversidad de su comunidad y atender las necesidades que enfrenta en su vida cotidiana.<br><\/p>\n\n\n\n<p class=\"wp-block-paragraph\">La rectora se\u00f1al\u00f3 que la pol\u00edtica adquiere especial relevancia debido a que 58 por ciento de la comunidad universitaria est\u00e1 integrada por mujeres, quienes hist\u00f3ricamente han asumido de manera desigual las responsabilidades de cuidado. Por ello, plante\u00f3 la necesidad de avanzar hacia un modelo de corresponsabilidad que permita generar redes de apoyo y combatir las desigualdades.<br><\/p>\n\n\n\n<p class=\"wp-block-paragraph\">La Universidad Cuidadora contempla transversalizar esta perspectiva en \u00e1mbitos como la docencia, investigaci\u00f3n, cultura, gesti\u00f3n, vida laboral y convivencia universitaria, bajo principios de derechos humanos, perspectiva de g\u00e9nero, igualdad sustantiva, dignidad humana, bienestar comunitario, autocuidado, sustentabilidad y sostenibilidad de la vida.<br><\/p>\n\n\n\n<p class=\"wp-block-paragraph\">La estrategia se articula en cinco ejes: gesti\u00f3n para la instalaci\u00f3n y operatividad de espacios de cuidado; concienciaci\u00f3n y promoci\u00f3n de la Universidad Cuidadora; fortalecimiento del marco normativo progresista de cuidados; bienestar y cuidados, y comunidad de la vida.<br><\/p>\n\n\n\n<p class=\"wp-block-paragraph\">Por su parte, Norma Baca Tavira, secretaria de Igualdad Sustantiva y Cuidados, destac\u00f3 que esta pol\u00edtica representa una nueva manera de comprender la cotidianidad universitaria, al incorporar enfoques de derechos humanos, g\u00e9nero, pluriculturalidad e interseccionalidad.<\/p>\n","protected":false},"excerpt":{"rendered":"<p>La rectora Patricia Zarza Delgado present\u00f3 una pol\u00edtica institucional que busca incorporar la perspectiva de cuidados en la vida acad\u00e9mica, laboral y comunitaria de la Aut\u00f3noma mexiquense. La Universidad Aut\u00f3noma del Estado de M\u00e9xico (UAEM\u00e9x) dio un nuevo paso en su proceso de transformaci\u00f3n institucional con la presentaci\u00f3n de la Pol\u00edtica Institucional para la Universidad [&hellip;]<\/p>\n","protected":false},"author":1,"featured_media":89376,"comment_status":"closed","ping_status":"closed","sticky":false,"template":"","format":"standard","meta":{"footnotes":""},"categories":[83,81],"tags":[],"class_list":["post-89372","post","type-post","status-publish","format-standard","has-post-thumbnail","hentry","category-destacado","category-nacional"],"_links":{"self":[{"href":"https:\/\/themexicopost.com\/index.php?rest_route=\/wp\/v2\/posts\/89372","targetHints":{"allow":["GET"]}}],"collection":[{"href":"https:\/\/themexicopost.com\/index.php?rest_route=\/wp\/v2\/posts"}],"about":[{"href":"https:\/\/themexicopost.com\/index.php?rest_route=\/wp\/v2\/types\/post"}],"author":[{"embeddable":true,"href":"https:\/\/themexicopost.com\/index.php?rest_route=\/wp\/v2\/users\/1"}],"replies":[{"embeddable":true,"href":"https:\/\/themexicopost.com\/index.php?rest_route=%2Fwp%2Fv2%2Fcomments&post=89372"}],"version-history":[{"count":1,"href":"https:\/\/themexicopost.com\/index.php?rest_route=\/wp\/v2\/posts\/89372\/revisions"}],"predecessor-version":[{"id":89377,"href":"https:\/\/themexicopost.com\/index.php?rest_route=\/wp\/v2\/posts\/89372\/revisions\/89377"}],"wp:featuredmedia":[{"embeddable":true,"href":"https:\/\/themexicopost.com\/index.php?rest_route=\/wp\/v2\/media\/89376"}],"wp:attachment":[{"href":"https:\/\/themexicopost.com\/index.php?rest_route=%2Fwp%2Fv2%2Fmedia&parent=89372"}],"wp:term":[{"taxonomy":"category","embeddable":true,"href":"https:\/\/themexicopost.com\/index.php?rest_route=%2Fwp%2Fv2%2Fcategories&post=89372"},{"taxonomy":"post_tag","embeddable":true,"href":"https:\/\/themexicopost.com\/index.php?rest_route=%2Fwp%2Fv2%2Ftags&post=89372"}],"curies":[{"name":"wp","href":"https:\/\/api.w.org\/{rel}","templated":true}]}}