{"id":89378,"date":"2026-09-03T07:12:38","date_gmt":"2026-09-03T13:12:38","guid":{"rendered":"https:\/\/themexicopost.com\/?p=89378"},"modified":"2026-09-03T07:12:40","modified_gmt":"2026-09-03T13:12:40","slug":"delfina-gomez-entra-al-top-5-de-gobernadores-mejor-evaluados-del-pais","status":"publish","type":"post","link":"https:\/\/themexicopost.com\/?p=89378","title":{"rendered":"Delfina G\u00f3mez entra al top 5 de gobernadores mejor evaluados del pa\u00eds"},"content":{"rendered":"\n<figure class=\"wp-block-pullquote\"><blockquote><p>La mandataria mexiquense alcanz\u00f3 66.2% de aprobaci\u00f3n en agosto y avanz\u00f3 dos posiciones respecto a julio.<\/p><\/blockquote><\/figure>\n\n\n\n<p class=\"has-drop-cap wp-block-paragraph\">La gobernadora del Estado de M\u00e9xico, Delfina G\u00f3mez \u00c1lvarez, se coloc\u00f3 entre las mandatarias y mandatarios estatales mejor evaluados del pa\u00eds, al alcanzar 66.2 por ciento de aprobaci\u00f3n ciudadana durante agosto de 2026, de acuerdo con el Ranking Nacional de Gobernadores de Demoscopia Digital.<br><\/p>\n\n\n\n<p class=\"wp-block-paragraph\">El resultado representa un avance para la gobernadora mexiquense, quien pas\u00f3 del s\u00e9ptimo al quinto lugar nacional respecto a la medici\u00f3n de julio. En t\u00e9rminos porcentuales, su aprobaci\u00f3n aument\u00f3 0.4 puntos, al pasar de 65.8 a 66.2 por ciento.<br><\/p>\n\n\n\n<p class=\"wp-block-paragraph\">Con esta calificaci\u00f3n, G\u00f3mez \u00c1lvarez se mantiene dentro del top 5 de gobernadores mejor evaluados, en una medici\u00f3n que refleja la percepci\u00f3n ciudadana sobre el desempe\u00f1o de los gobiernos estatales.<br><\/p>\n\n\n\n<p class=\"wp-block-paragraph\">El primer lugar del ranking correspondi\u00f3 a Julio Menchaca, gobernador de Hidalgo, con 68.4 por ciento de aprobaci\u00f3n; seguido por Alejandro Armenta, de Puebla, con 67.6 por ciento, y Mauricio Kuri, de Quer\u00e9taro, con 67.1 por ciento. La mandataria mexiquense qued\u00f3 a 2.2 puntos porcentuales del primer sitio.<br><\/p>\n\n\n\n<p class=\"wp-block-paragraph\">El avance de Delfina G\u00f3mez ocurre adem\u00e1s al llegar a la mitad de su administraci\u00f3n al frente del Estado de M\u00e9xico, periodo en el que su gobierno ha colocado entre sus principales prioridades el fortalecimiento de la obra p\u00fablica, las acciones de seguridad, la atenci\u00f3n de la zona oriente de la entidad y la ampliaci\u00f3n de servicios para la poblaci\u00f3n.<br><\/p>\n\n\n\n<p class=\"wp-block-paragraph\">En materia de infraestructura, la administraci\u00f3n estatal ha impulsado proyectos destinados a atender rezagos y mejorar las condiciones de movilidad y servicios en distintas regiones del territorio mexiquense. A estas acciones se suman estrategias encaminadas a fortalecer la seguridad y mejorar la atenci\u00f3n gubernamental.<br><\/p>\n\n\n\n<p class=\"wp-block-paragraph\">Otro de los componentes de la agenda estatal ha sido la coordinaci\u00f3n con el Gobierno de M\u00e9xico encabezado por la presidenta Claudia Sheinbaum, particularmente para ampliar la cobertura de programas y acciones sociales dirigidas a distintos sectores de la poblaci\u00f3n.<br><\/p>\n\n\n\n<p class=\"wp-block-paragraph\">Entre estos esfuerzos se encuentran Mujeres con Bienestar, as\u00ed como programas y apoyos destinados a personas adultas mayores, personas con discapacidad, estudiantes y familias en condiciones de vulnerabilidad.<br><\/p>\n\n\n\n<p class=\"wp-block-paragraph\">El resultado de Demoscopia Digital coloca as\u00ed a la gobernadora mexiquense en una posici\u00f3n destacada dentro del escenario nacional y muestra una evoluci\u00f3n favorable en su evaluaci\u00f3n ciudadana, al registrar un incremento mensual y avanzar dos lugares en el ranking.<br><\/p>\n\n\n\n<p class=\"wp-block-paragraph\">A mitad de su administraci\u00f3n, Delfina G\u00f3mez se mantiene entre las gobernadoras y gobernadores con mayor aprobaci\u00f3n del pa\u00eds, en un contexto en el que la percepci\u00f3n ciudadana se convierte en uno de los principales indicadores para valorar el desempe\u00f1o de los gobiernos estatales.<\/p>\n","protected":false},"excerpt":{"rendered":"<p>La mandataria mexiquense alcanz\u00f3 66.2% de aprobaci\u00f3n en agosto y avanz\u00f3 dos posiciones respecto a julio. La gobernadora del Estado de M\u00e9xico, Delfina G\u00f3mez \u00c1lvarez, se coloc\u00f3 entre las mandatarias y mandatarios estatales mejor evaluados del pa\u00eds, al alcanzar 66.2 por ciento de aprobaci\u00f3n ciudadana durante agosto de 2026, de acuerdo con el Ranking Nacional [&hellip;]<\/p>\n","protected":false},"author":1,"featured_media":89382,"comment_status":"closed","ping_status":"closed","sticky":false,"template":"","format":"standard","meta":{"footnotes":""},"categories":[83,81],"tags":[],"class_list":["post-89378","post","type-post","status-publish","format-standard","has-post-thumbnail","hentry","category-destacado","category-nacional"],"_links":{"self":[{"href":"https:\/\/themexicopost.com\/index.php?rest_route=\/wp\/v2\/posts\/89378","targetHints":{"allow":["GET"]}}],"collection":[{"href":"https:\/\/themexicopost.com\/index.php?rest_route=\/wp\/v2\/posts"}],"about":[{"href":"https:\/\/themexicopost.com\/index.php?rest_route=\/wp\/v2\/types\/post"}],"author":[{"embeddable":true,"href":"https:\/\/themexicopost.com\/index.php?rest_route=\/wp\/v2\/users\/1"}],"replies":[{"embeddable":true,"href":"https:\/\/themexicopost.com\/index.php?rest_route=%2Fwp%2Fv2%2Fcomments&post=89378"}],"version-history":[{"count":1,"href":"https:\/\/themexicopost.com\/index.php?rest_route=\/wp\/v2\/posts\/89378\/revisions"}],"predecessor-version":[{"id":89383,"href":"https:\/\/themexicopost.com\/index.php?rest_route=\/wp\/v2\/posts\/89378\/revisions\/89383"}],"wp:featuredmedia":[{"embeddable":true,"href":"https:\/\/themexicopost.com\/index.php?rest_route=\/wp\/v2\/media\/89382"}],"wp:attachment":[{"href":"https:\/\/themexicopost.com\/index.php?rest_route=%2Fwp%2Fv2%2Fmedia&parent=89378"}],"wp:term":[{"taxonomy":"category","embeddable":true,"href":"https:\/\/themexicopost.com\/index.php?rest_route=%2Fwp%2Fv2%2Fcategories&post=89378"},{"taxonomy":"post_tag","embeddable":true,"href":"https:\/\/themexicopost.com\/index.php?rest_route=%2Fwp%2Fv2%2Ftags&post=89378"}],"curies":[{"name":"wp","href":"https:\/\/api.w.org\/{rel}","templated":true}]}}