{"id":89384,"date":"2026-09-03T07:15:18","date_gmt":"2026-09-03T13:15:18","guid":{"rendered":"https:\/\/themexicopost.com\/?p=89384"},"modified":"2026-09-03T07:15:21","modified_gmt":"2026-09-03T13:15:21","slug":"estados-unidos-lanza-operacion-manzana-podrida-y-detiene-a-mas-de-2-mil-migrantes-en-nueva-york","status":"publish","type":"post","link":"https:\/\/themexicopost.com\/?p=89384","title":{"rendered":"Estados Unidos lanza \u201cOperaci\u00f3n Manzana Podrida\u201d y detiene a m\u00e1s de 2 mil migrantes en Nueva York"},"content":{"rendered":"\n<figure class=\"wp-block-pullquote\"><blockquote><p>El operativo de 30 d\u00edas se concentr\u00f3 en Nueva York, Long Island y el valle del Hudson, en medio del endurecimiento de la pol\u00edtica migratoria de la administraci\u00f3n estadounidense.<\/p><\/blockquote><\/figure>\n\n\n\n<p class=\"has-drop-cap wp-block-paragraph\">El Gobierno de Donald Trump intensific\u00f3 su ofensiva contra la migraci\u00f3n irregular con la llamada \u201cOperaci\u00f3n Manzana Podrida\u201d (Operation Bad Apple), un despliegue de 30 d\u00edas que dej\u00f3 m\u00e1s de 2 mil 100 personas detenidas en el estado de Nueva York.<br><\/p>\n\n\n\n<p class=\"wp-block-paragraph\">Durante la presentaci\u00f3n de resultados, el secretario de Seguridad Nacional, Markwayne Mullin, inform\u00f3 que los operativos se concentraron principalmente en la ciudad de Nueva York, Long Island y el valle del Hudson. De acuerdo con el funcionario, las acciones estuvieron dirigidas inicialmente contra personas consideradas de alta peligrosidad, incluidos presuntos integrantes de pandillas y personas con antecedentes por delitos graves.<br><\/p>\n\n\n\n<p class=\"wp-block-paragraph\">Sin embargo, Mullin dej\u00f3 claro que la pol\u00edtica migratoria contempla un alcance m\u00e1s amplio y afirm\u00f3 que las autoridades buscar\u00e1n detener y deportar a personas que permanezcan de manera irregular en Estados Unidos, independientemente de que cuenten o no con antecedentes penales.<br><\/p>\n\n\n\n<p class=\"wp-block-paragraph\">El operativo tambi\u00e9n profundiz\u00f3 el choque entre la administraci\u00f3n federal y las autoridades de Nueva York, particularmente por las pol\u00edticas de \u201cciudad santuario\u201d. El DHS cuestion\u00f3 las restricciones locales a la cooperaci\u00f3n entre corporaciones policiales y agentes federales de migraci\u00f3n mediante los acuerdos 287(g).<br><\/p>\n\n\n\n<p class=\"wp-block-paragraph\">Mullin sostuvo que esas limitaciones han permitido que personas con solicitudes de retenci\u00f3n migratoria emitidas por el ICE sean liberadas de c\u00e1rceles estatales, situaci\u00f3n que, seg\u00fan el funcionario, facilit\u00f3 posteriormente la identificaci\u00f3n de algunos de los objetivos de los recientes operativos.<br><\/p>\n\n\n\n<p class=\"wp-block-paragraph\">En cuanto a las elecciones de medio mandato, el DHS descart\u00f3 establecer patrullajes permanentes en las inmediaciones de los centros de votaci\u00f3n, aunque se\u00f1al\u00f3 que los agentes podr\u00edan intervenir ante amenazas directas o en cumplimiento de \u00f3rdenes judiciales.<\/p>\n","protected":false},"excerpt":{"rendered":"<p>El operativo de 30 d\u00edas se concentr\u00f3 en Nueva York, Long Island y el valle del Hudson, en medio del endurecimiento de la pol\u00edtica migratoria de la administraci\u00f3n estadounidense. El Gobierno de Donald Trump intensific\u00f3 su ofensiva contra la migraci\u00f3n irregular con la llamada \u201cOperaci\u00f3n Manzana Podrida\u201d (Operation Bad Apple), un despliegue de 30 d\u00edas [&hellip;]<\/p>\n","protected":false},"author":1,"featured_media":89388,"comment_status":"closed","ping_status":"closed","sticky":false,"template":"","format":"standard","meta":{"footnotes":""},"categories":[83,80],"tags":[],"class_list":["post-89384","post","type-post","status-publish","format-standard","has-post-thumbnail","hentry","category-destacado","category-mundo"],"_links":{"self":[{"href":"https:\/\/themexicopost.com\/index.php?rest_route=\/wp\/v2\/posts\/89384","targetHints":{"allow":["GET"]}}],"collection":[{"href":"https:\/\/themexicopost.com\/index.php?rest_route=\/wp\/v2\/posts"}],"about":[{"href":"https:\/\/themexicopost.com\/index.php?rest_route=\/wp\/v2\/types\/post"}],"author":[{"embeddable":true,"href":"https:\/\/themexicopost.com\/index.php?rest_route=\/wp\/v2\/users\/1"}],"replies":[{"embeddable":true,"href":"https:\/\/themexicopost.com\/index.php?rest_route=%2Fwp%2Fv2%2Fcomments&post=89384"}],"version-history":[{"count":1,"href":"https:\/\/themexicopost.com\/index.php?rest_route=\/wp\/v2\/posts\/89384\/revisions"}],"predecessor-version":[{"id":89389,"href":"https:\/\/themexicopost.com\/index.php?rest_route=\/wp\/v2\/posts\/89384\/revisions\/89389"}],"wp:featuredmedia":[{"embeddable":true,"href":"https:\/\/themexicopost.com\/index.php?rest_route=\/wp\/v2\/media\/89388"}],"wp:attachment":[{"href":"https:\/\/themexicopost.com\/index.php?rest_route=%2Fwp%2Fv2%2Fmedia&parent=89384"}],"wp:term":[{"taxonomy":"category","embeddable":true,"href":"https:\/\/themexicopost.com\/index.php?rest_route=%2Fwp%2Fv2%2Fcategories&post=89384"},{"taxonomy":"post_tag","embeddable":true,"href":"https:\/\/themexicopost.com\/index.php?rest_route=%2Fwp%2Fv2%2Ftags&post=89384"}],"curies":[{"name":"wp","href":"https:\/\/api.w.org\/{rel}","templated":true}]}}