{"id":89387,"date":"2026-09-03T07:16:14","date_gmt":"2026-09-03T13:16:14","guid":{"rendered":"https:\/\/themexicopost.com\/?p=89387"},"modified":"2026-09-03T07:16:15","modified_gmt":"2026-09-03T13:16:15","slug":"netanyahu-desafia-el-alto-al-fuego-y-advierte-no-nos-retiraremos-de-gaza","status":"publish","type":"post","link":"https:\/\/themexicopost.com\/?p=89387","title":{"rendered":"Netanyahu desaf\u00eda el alto al fuego y advierte: \u201cNo nos retiraremos de Gaza&#8221;"},"content":{"rendered":"\n<figure class=\"wp-block-pullquote\"><blockquote><p>El primer ministro israel\u00ed visit\u00f3 el enclave palestino y asegur\u00f3 que Israel mantiene el control de 60% del territorio y continuar\u00e1 sus operaciones contra Ham\u00e1s.<\/p><\/blockquote><\/figure>\n\n\n\n<p class=\"has-drop-cap wp-block-paragraph\">El primer ministro de Israel, Benjamin Netanyahu, afirm\u00f3 que su pa\u00eds no tiene intenci\u00f3n de retirarse de las zonas que mantiene bajo control militar en la Franja de Gaza, durante una inusual visita al enclave palestino.<br><\/p>\n\n\n\n<p class=\"wp-block-paragraph\">\u201cNo nos retiraremos. Nos quedaremos en esta l\u00ednea\u201d, declar\u00f3 Netanyahu cerca de la llamada l\u00ednea amarilla, que delimita las \u00e1reas bajo control israel\u00ed de aquellas administradas por Ham\u00e1s.<br><\/p>\n\n\n\n<p class=\"wp-block-paragraph\">El mandatario asegur\u00f3 que Israel controla actualmente alrededor del 60% de la Franja de Gaza y sostuvo que sus fuerzas continuar\u00e1n actuando para eliminar las amenazas que, seg\u00fan dijo, representan los integrantes del grupo islamista.<br><\/p>\n\n\n\n<p class=\"wp-block-paragraph\">La visita representa la primera incursi\u00f3n de Netanyahu en Gaza desde el alto al fuego acordado en octubre de 2025 y ocurre mientras Israel se prepara para las elecciones del pr\u00f3ximo 27 de octubre, en las que el primer ministro busca mantenerse al frente del gobierno.<br><\/p>\n\n\n\n<p class=\"wp-block-paragraph\">Pese al alto el fuego impulsado por Estados Unidos, los ataques israel\u00edes en Gaza han continuado casi a diario. Netanyahu justific\u00f3 estas operaciones bajo el argumento de que buscan impedir nuevos ataques de Ham\u00e1s, responsable del ataque contra Israel del 7 de octubre de 2023 que deton\u00f3 el actual conflicto.<br><\/p>\n\n\n\n<p class=\"wp-block-paragraph\">Durante su visita, el primer ministro tambi\u00e9n afirm\u00f3 que las fuerzas israel\u00edes contin\u00faan realizando operaciones contra dirigentes de Ham\u00e1s y destac\u00f3 la reciente captura de quien identific\u00f3 como el jefe de seguridad interna de la organizaci\u00f3n.<\/p>\n","protected":false},"excerpt":{"rendered":"<p>El primer ministro israel\u00ed visit\u00f3 el enclave palestino y asegur\u00f3 que Israel mantiene el control de 60% del territorio y continuar\u00e1 sus operaciones contra Ham\u00e1s. El primer ministro de Israel, Benjamin Netanyahu, afirm\u00f3 que su pa\u00eds no tiene intenci\u00f3n de retirarse de las zonas que mantiene bajo control militar en la Franja de Gaza, durante [&hellip;]<\/p>\n","protected":false},"author":1,"featured_media":89391,"comment_status":"closed","ping_status":"closed","sticky":false,"template":"","format":"standard","meta":{"footnotes":""},"categories":[80],"tags":[],"class_list":["post-89387","post","type-post","status-publish","format-standard","has-post-thumbnail","hentry","category-mundo"],"_links":{"self":[{"href":"https:\/\/themexicopost.com\/index.php?rest_route=\/wp\/v2\/posts\/89387","targetHints":{"allow":["GET"]}}],"collection":[{"href":"https:\/\/themexicopost.com\/index.php?rest_route=\/wp\/v2\/posts"}],"about":[{"href":"https:\/\/themexicopost.com\/index.php?rest_route=\/wp\/v2\/types\/post"}],"author":[{"embeddable":true,"href":"https:\/\/themexicopost.com\/index.php?rest_route=\/wp\/v2\/users\/1"}],"replies":[{"embeddable":true,"href":"https:\/\/themexicopost.com\/index.php?rest_route=%2Fwp%2Fv2%2Fcomments&post=89387"}],"version-history":[{"count":1,"href":"https:\/\/themexicopost.com\/index.php?rest_route=\/wp\/v2\/posts\/89387\/revisions"}],"predecessor-version":[{"id":89392,"href":"https:\/\/themexicopost.com\/index.php?rest_route=\/wp\/v2\/posts\/89387\/revisions\/89392"}],"wp:featuredmedia":[{"embeddable":true,"href":"https:\/\/themexicopost.com\/index.php?rest_route=\/wp\/v2\/media\/89391"}],"wp:attachment":[{"href":"https:\/\/themexicopost.com\/index.php?rest_route=%2Fwp%2Fv2%2Fmedia&parent=89387"}],"wp:term":[{"taxonomy":"category","embeddable":true,"href":"https:\/\/themexicopost.com\/index.php?rest_route=%2Fwp%2Fv2%2Fcategories&post=89387"},{"taxonomy":"post_tag","embeddable":true,"href":"https:\/\/themexicopost.com\/index.php?rest_route=%2Fwp%2Fv2%2Ftags&post=89387"}],"curies":[{"name":"wp","href":"https:\/\/api.w.org\/{rel}","templated":true}]}}