{"id":89399,"date":"2026-09-03T07:20:22","date_gmt":"2026-09-03T13:20:22","guid":{"rendered":"https:\/\/themexicopost.com\/?p=89399"},"modified":"2026-09-03T07:20:25","modified_gmt":"2026-09-03T13:20:25","slug":"maduro-se-aferra-a-la-inmunidad-para-frenar-su-juicio-en-estados-unidos","status":"publish","type":"post","link":"https:\/\/themexicopost.com\/?p=89399","title":{"rendered":"Maduro se aferra a la inmunidad para frenar su juicio en Estados Unidos"},"content":{"rendered":"\n<figure class=\"wp-block-pullquote\"><blockquote><p>La defensa del exmandatario venezolano pidi\u00f3 desestimar los cargos de narcoterrorismo, narcotr\u00e1fico y posesi\u00f3n de armas que enfrenta ante un tribunal de Nueva York.<\/p><\/blockquote><\/figure>\n\n\n\n<p class=\"has-drop-cap wp-block-paragraph\">La defensa de Nicol\u00e1s Maduro solicit\u00f3 a un tribunal de Estados Unidos desestimar el proceso penal en su contra, argumentando que el exmandatario venezolano cuenta con inmunidad soberana por su condici\u00f3n de jefe de Estado.<br><\/p>\n\n\n\n<p class=\"wp-block-paragraph\">El abogado Barry Pollack present\u00f3 dos mociones ante el tribunal. La primera busca cerrar por completo el caso, mientras que la segunda solicita, en caso de que la petici\u00f3n principal sea rechazada, retirar espec\u00edficamente el cargo de conspiraci\u00f3n para cometer actos de narcoterrorismo.<br><\/p>\n\n\n\n<p class=\"wp-block-paragraph\">Maduro enfrenta acusaciones por conspiraci\u00f3n para cometer actos de narcoterrorismo, importaci\u00f3n de coca\u00edna y posesi\u00f3n de armas autom\u00e1ticas. La defensa sostiene que las acusaciones se relacionan con actos que, seg\u00fan su argumento, fueron realizados en el ejercicio de funciones oficiales y que un tribunal estadounidense carecer\u00eda de jurisdicci\u00f3n para procesarlo.<br><\/p>\n\n\n\n<p class=\"wp-block-paragraph\">Pollack tambi\u00e9n pidi\u00f3 que el caso sea cerrado \u201ccon perjuicio\u201d, lo que impedir\u00eda que la misma acusaci\u00f3n pudiera presentarse nuevamente. En cuanto al cargo de narcoterrorismo, argument\u00f3 que no se acredita adecuadamente la jurisdicci\u00f3n estadounidense ni una intenci\u00f3n de causar perjuicio a Estados Unidos o sus ciudadanos.<br><\/p>\n\n\n\n<p class=\"wp-block-paragraph\">La Fiscal\u00eda estadounidense tendr\u00e1 hasta el 2 de octubre para responder a las mociones. El juez Alvin Hellerstein program\u00f3 una audiencia para el 17 de noviembre, mientras que el juicio est\u00e1 previsto, por ahora, para junio de 2027.<br><\/p>\n\n\n\n<p class=\"wp-block-paragraph\">Maduro permanece detenido en Nueva York desde su captura en Caracas el pasado 3 de enero, mientras contin\u00faa el proceso judicial en su contra.<\/p>\n","protected":false},"excerpt":{"rendered":"<p>La defensa del exmandatario venezolano pidi\u00f3 desestimar los cargos de narcoterrorismo, narcotr\u00e1fico y posesi\u00f3n de armas que enfrenta ante un tribunal de Nueva York. La defensa de Nicol\u00e1s Maduro solicit\u00f3 a un tribunal de Estados Unidos desestimar el proceso penal en su contra, argumentando que el exmandatario venezolano cuenta con inmunidad soberana por su condici\u00f3n [&hellip;]<\/p>\n","protected":false},"author":1,"featured_media":89403,"comment_status":"closed","ping_status":"closed","sticky":false,"template":"","format":"standard","meta":{"footnotes":""},"categories":[83,80],"tags":[],"class_list":["post-89399","post","type-post","status-publish","format-standard","has-post-thumbnail","hentry","category-destacado","category-mundo"],"_links":{"self":[{"href":"https:\/\/themexicopost.com\/index.php?rest_route=\/wp\/v2\/posts\/89399","targetHints":{"allow":["GET"]}}],"collection":[{"href":"https:\/\/themexicopost.com\/index.php?rest_route=\/wp\/v2\/posts"}],"about":[{"href":"https:\/\/themexicopost.com\/index.php?rest_route=\/wp\/v2\/types\/post"}],"author":[{"embeddable":true,"href":"https:\/\/themexicopost.com\/index.php?rest_route=\/wp\/v2\/users\/1"}],"replies":[{"embeddable":true,"href":"https:\/\/themexicopost.com\/index.php?rest_route=%2Fwp%2Fv2%2Fcomments&post=89399"}],"version-history":[{"count":1,"href":"https:\/\/themexicopost.com\/index.php?rest_route=\/wp\/v2\/posts\/89399\/revisions"}],"predecessor-version":[{"id":89404,"href":"https:\/\/themexicopost.com\/index.php?rest_route=\/wp\/v2\/posts\/89399\/revisions\/89404"}],"wp:featuredmedia":[{"embeddable":true,"href":"https:\/\/themexicopost.com\/index.php?rest_route=\/wp\/v2\/media\/89403"}],"wp:attachment":[{"href":"https:\/\/themexicopost.com\/index.php?rest_route=%2Fwp%2Fv2%2Fmedia&parent=89399"}],"wp:term":[{"taxonomy":"category","embeddable":true,"href":"https:\/\/themexicopost.com\/index.php?rest_route=%2Fwp%2Fv2%2Fcategories&post=89399"},{"taxonomy":"post_tag","embeddable":true,"href":"https:\/\/themexicopost.com\/index.php?rest_route=%2Fwp%2Fv2%2Ftags&post=89399"}],"curies":[{"name":"wp","href":"https:\/\/api.w.org\/{rel}","templated":true}]}}