{"id":89402,"date":"2026-09-03T07:21:23","date_gmt":"2026-09-03T13:21:23","guid":{"rendered":"https:\/\/themexicopost.com\/?p=89402"},"modified":"2026-09-03T07:21:25","modified_gmt":"2026-09-03T13:21:25","slug":"terror-en-escuela-de-tailandia-adolescente-de-15-anos-desata-balacera","status":"publish","type":"post","link":"https:\/\/themexicopost.com\/?p=89402","title":{"rendered":"Terror en escuela de Tailandia; adolescente de 15 a\u00f1os desata balacera"},"content":{"rendered":"\n<figure class=\"wp-block-pullquote\"><blockquote><p>El menor ingres\u00f3 armado a un colegio de Kamphaeng Phet y realiz\u00f3 varios disparos; alumnos y profesores fueron evacuados y no se reportaron v\u00edctimas.<\/p><\/blockquote><\/figure>\n\n\n\n<p class=\"has-drop-cap wp-block-paragraph\">Momentos de p\u00e1nico se vivieron en una escuela secundaria de la provincia de Kamphaeng Phet, Tailandia, luego de que un adolescente de 15 a\u00f1os ingresara armado al plantel y realizara varios disparos, provocando la movilizaci\u00f3n de polic\u00edas y equipos de emergencia.<br><\/p>\n\n\n\n<p class=\"wp-block-paragraph\">De acuerdo con las autoridades locales, el joven lleg\u00f3 al colegio alrededor de las 14:20 horas portando una pistola de 9 mil\u00edmetros y comenz\u00f3 a disparar dentro de las instalaciones. Ante la situaci\u00f3n, profesores y estudiantes fueron evacuados mientras la Polic\u00eda establec\u00eda un per\u00edmetro de seguridad alrededor del centro educativo.<br><\/p>\n\n\n\n<p class=\"wp-block-paragraph\">El plantel fue acordonado para evitar que los alumnos regresaran a las instalaciones y permitir que los agentes revisaran las \u00e1reas del colegio. Finalmente, las autoridades lograron controlar la situaci\u00f3n, confiscar el arma y detener al adolescente, quien qued\u00f3 bajo custodia para ser interrogado.<br><\/p>\n\n\n\n<p class=\"wp-block-paragraph\">Hasta el momento, no se reportaron personas muertas ni heridas, pese a que los disparos generaron momentos de angustia entre la comunidad escolar. Las autoridades investigan qu\u00e9 llev\u00f3 al menor a ingresar armado y abrir fuego. De acuerdo con los primeros reportes, el adolescente recib\u00eda tratamiento por depresi\u00f3n, aunque este antecedente no determina por s\u00ed mismo las causas del ataque.<br><\/p>\n\n\n\n<p class=\"wp-block-paragraph\">El caso volvi\u00f3 a encender la preocupaci\u00f3n por la violencia armada dentro de los centros educativos de Tailandia, ya que este ser\u00eda el tercer tiroteo registrado durante el a\u00f1o en una instituci\u00f3n escolar.<br><\/p>\n\n\n\n<p class=\"wp-block-paragraph\">Uno de los antecedentes m\u00e1s graves ocurri\u00f3 el 7 de agosto, cuando otro menor atac\u00f3 una escuela en la provincia de Nonthaburi y asesin\u00f3 a seis personas, despu\u00e9s de matar tambi\u00e9n a sus abuelos. El hecho provoc\u00f3 alarma nacional y renov\u00f3 los cuestionamientos sobre el acceso de menores y civiles a armas de fuego.<br><\/p>\n\n\n\n<p class=\"wp-block-paragraph\">Tailandia mantiene una elevada circulaci\u00f3n de armas entre la poblaci\u00f3n y enfrenta desde hace a\u00f1os problemas relacionados con la posesi\u00f3n y el uso ilegal de armamento. Aunque las autoridades suspendieron a finales de 2023 los permisos para portar armas en p\u00fablico, el control y acceso a estos dispositivos contin\u00faa siendo un tema de debate.<br><\/p>\n\n\n\n<p class=\"wp-block-paragraph\">El nuevo incidente vuelve a poner sobre la mesa la necesidad de reforzar las medidas de seguridad en las escuelas y prevenir que las armas lleguen a manos de menores, mientras las autoridades buscan esclarecer c\u00f3mo el adolescente pudo ingresar armado al plantel.<\/p>\n","protected":false},"excerpt":{"rendered":"<p>El menor ingres\u00f3 armado a un colegio de Kamphaeng Phet y realiz\u00f3 varios disparos; alumnos y profesores fueron evacuados y no se reportaron v\u00edctimas. Momentos de p\u00e1nico se vivieron en una escuela secundaria de la provincia de Kamphaeng Phet, Tailandia, luego de que un adolescente de 15 a\u00f1os ingresara armado al plantel y realizara varios [&hellip;]<\/p>\n","protected":false},"author":1,"featured_media":89406,"comment_status":"closed","ping_status":"closed","sticky":false,"template":"","format":"standard","meta":{"footnotes":""},"categories":[80],"tags":[],"class_list":["post-89402","post","type-post","status-publish","format-standard","has-post-thumbnail","hentry","category-mundo"],"_links":{"self":[{"href":"https:\/\/themexicopost.com\/index.php?rest_route=\/wp\/v2\/posts\/89402","targetHints":{"allow":["GET"]}}],"collection":[{"href":"https:\/\/themexicopost.com\/index.php?rest_route=\/wp\/v2\/posts"}],"about":[{"href":"https:\/\/themexicopost.com\/index.php?rest_route=\/wp\/v2\/types\/post"}],"author":[{"embeddable":true,"href":"https:\/\/themexicopost.com\/index.php?rest_route=\/wp\/v2\/users\/1"}],"replies":[{"embeddable":true,"href":"https:\/\/themexicopost.com\/index.php?rest_route=%2Fwp%2Fv2%2Fcomments&post=89402"}],"version-history":[{"count":1,"href":"https:\/\/themexicopost.com\/index.php?rest_route=\/wp\/v2\/posts\/89402\/revisions"}],"predecessor-version":[{"id":89407,"href":"https:\/\/themexicopost.com\/index.php?rest_route=\/wp\/v2\/posts\/89402\/revisions\/89407"}],"wp:featuredmedia":[{"embeddable":true,"href":"https:\/\/themexicopost.com\/index.php?rest_route=\/wp\/v2\/media\/89406"}],"wp:attachment":[{"href":"https:\/\/themexicopost.com\/index.php?rest_route=%2Fwp%2Fv2%2Fmedia&parent=89402"}],"wp:term":[{"taxonomy":"category","embeddable":true,"href":"https:\/\/themexicopost.com\/index.php?rest_route=%2Fwp%2Fv2%2Fcategories&post=89402"},{"taxonomy":"post_tag","embeddable":true,"href":"https:\/\/themexicopost.com\/index.php?rest_route=%2Fwp%2Fv2%2Ftags&post=89402"}],"curies":[{"name":"wp","href":"https:\/\/api.w.org\/{rel}","templated":true}]}}