{"id":89405,"date":"2026-09-03T07:22:10","date_gmt":"2026-09-03T13:22:10","guid":{"rendered":"https:\/\/themexicopost.com\/?p=89405"},"modified":"2026-09-03T07:22:13","modified_gmt":"2026-09-03T13:22:13","slug":"europa-endurece-el-pulso-contra-rusia-y-promete-mas-presion-por-ataques","status":"publish","type":"post","link":"https:\/\/themexicopost.com\/?p=89405","title":{"rendered":"Europa endurece el pulso contra Rusia y promete m\u00e1s presi\u00f3n por ataques"},"content":{"rendered":"\n<figure class=\"wp-block-pullquote\"><blockquote><p>Ursula von der Leyen y Mark Rutte advirtieron que la Uni\u00f3n Europea y la OTAN reforzar\u00e1n su respuesta ante las incursiones de drones y ataques atribuidos a Mosc\u00fa.<\/p><\/blockquote><\/figure>\n\n\n\n<p class=\"has-drop-cap wp-block-paragraph\">La presidenta de la Comisi\u00f3n Europea, Ursula von der Leyen, y el secretario general de la OTAN, Mark Rutte, advirtieron este mi\u00e9rcoles que Europa aumentar\u00e1 la presi\u00f3n contra Rusia, luego de un ataque h\u00edbrido con drones en un aeropuerto de Leipzig, Alemania, atribuido a Mosc\u00fa.<br><\/p>\n\n\n\n<p class=\"wp-block-paragraph\">Von der Leyen se\u00f1al\u00f3 que el incidente representa una nueva escalada en territorio de la Uni\u00f3n Europea y forma parte de una serie de acciones que, a su juicio, muestran una creciente amenaza para la infraestructura europea.<br><\/p>\n\n\n\n<p class=\"wp-block-paragraph\">\u201cEuropa y la OTAN no solo mantendr\u00e1n la presi\u00f3n sobre Rusia, sino que la aumentar\u00e1n\u201d, afirm\u00f3 la presidenta de la Comisi\u00f3n Europea, quien asegur\u00f3 que el bloque no detendr\u00e1 sus esfuerzos hasta que Rusia deje de atacar Ucrania.<br><\/p>\n\n\n\n<p class=\"wp-block-paragraph\">La funcionaria advirti\u00f3 que las incursiones de drones, las interferencias contra infraestructura cr\u00edtica y las afectaciones a aeropuertos forman parte de una \u201cnueva normalidad\u201d, por lo que pidi\u00f3 acelerar la capacidad de respuesta y protecci\u00f3n de instalaciones estrat\u00e9gicas.<br><\/p>\n\n\n\n<p class=\"wp-block-paragraph\">En este contexto, Von der Leyen inform\u00f3 que la Uni\u00f3n Europea recibi\u00f3 una nueva solicitud de apoyo financiero de Ucrania por varios miles de millones de euros, destinados principalmente a reforzar sus sistemas de defensa a\u00e9rea, incluidos los Patriot PAC-3.<br><\/p>\n\n\n\n<p class=\"wp-block-paragraph\">Por su parte, Mark Rutte sostuvo que Rusia se ha vuelto \u201ccada vez m\u00e1s temeraria\u201d y alert\u00f3 sobre el incremento de drones y misiles que ingresan al espacio a\u00e9reo de pa\u00edses europeos. Tambi\u00e9n llam\u00f3 a fortalecer la industria de defensa y la cooperaci\u00f3n entre empresas de los pa\u00edses miembros de la OTAN.<br><\/p>\n\n\n\n<p class=\"wp-block-paragraph\">Ambos dirigentes coincidieron en que Europa debe acelerar la modernizaci\u00f3n de sus capacidades defensivas y mejorar sus sistemas de alerta para responder con mayor rapidez. Rutte asegur\u00f3 que, pese a las amenazas, la unidad de la Alianza y el respaldo europeo a Ucrania se mantienen firmes.<\/p>\n","protected":false},"excerpt":{"rendered":"<p>Ursula von der Leyen y Mark Rutte advirtieron que la Uni\u00f3n Europea y la OTAN reforzar\u00e1n su respuesta ante las incursiones de drones y ataques atribuidos a Mosc\u00fa. La presidenta de la Comisi\u00f3n Europea, Ursula von der Leyen, y el secretario general de la OTAN, Mark Rutte, advirtieron este mi\u00e9rcoles que Europa aumentar\u00e1 la presi\u00f3n [&hellip;]<\/p>\n","protected":false},"author":1,"featured_media":89409,"comment_status":"closed","ping_status":"closed","sticky":false,"template":"","format":"standard","meta":{"footnotes":""},"categories":[83,80],"tags":[],"class_list":["post-89405","post","type-post","status-publish","format-standard","has-post-thumbnail","hentry","category-destacado","category-mundo"],"_links":{"self":[{"href":"https:\/\/themexicopost.com\/index.php?rest_route=\/wp\/v2\/posts\/89405","targetHints":{"allow":["GET"]}}],"collection":[{"href":"https:\/\/themexicopost.com\/index.php?rest_route=\/wp\/v2\/posts"}],"about":[{"href":"https:\/\/themexicopost.com\/index.php?rest_route=\/wp\/v2\/types\/post"}],"author":[{"embeddable":true,"href":"https:\/\/themexicopost.com\/index.php?rest_route=\/wp\/v2\/users\/1"}],"replies":[{"embeddable":true,"href":"https:\/\/themexicopost.com\/index.php?rest_route=%2Fwp%2Fv2%2Fcomments&post=89405"}],"version-history":[{"count":1,"href":"https:\/\/themexicopost.com\/index.php?rest_route=\/wp\/v2\/posts\/89405\/revisions"}],"predecessor-version":[{"id":89410,"href":"https:\/\/themexicopost.com\/index.php?rest_route=\/wp\/v2\/posts\/89405\/revisions\/89410"}],"wp:featuredmedia":[{"embeddable":true,"href":"https:\/\/themexicopost.com\/index.php?rest_route=\/wp\/v2\/media\/89409"}],"wp:attachment":[{"href":"https:\/\/themexicopost.com\/index.php?rest_route=%2Fwp%2Fv2%2Fmedia&parent=89405"}],"wp:term":[{"taxonomy":"category","embeddable":true,"href":"https:\/\/themexicopost.com\/index.php?rest_route=%2Fwp%2Fv2%2Fcategories&post=89405"},{"taxonomy":"post_tag","embeddable":true,"href":"https:\/\/themexicopost.com\/index.php?rest_route=%2Fwp%2Fv2%2Ftags&post=89405"}],"curies":[{"name":"wp","href":"https:\/\/api.w.org\/{rel}","templated":true}]}}