{"id":89408,"date":"2026-09-03T07:23:17","date_gmt":"2026-09-03T13:23:17","guid":{"rendered":"https:\/\/themexicopost.com\/?p=89408"},"modified":"2026-09-03T07:23:18","modified_gmt":"2026-09-03T13:23:18","slug":"brasil-aprueba-ley-y-apuesta-por-sus-minerales-estrategicos","status":"publish","type":"post","link":"https:\/\/themexicopost.com\/?p=89408","title":{"rendered":"Brasil aprueba ley y apuesta por sus minerales estrat\u00e9gicos"},"content":{"rendered":"\n<figure class=\"wp-block-pullquote\"><blockquote><p>El Congreso aprob\u00f3 una nueva ley para impulsar la extracci\u00f3n de minerales cr\u00edticos y tierras raras, con incentivos millonarios y mayor control estatal del sector.<\/p><\/blockquote><\/figure>\n\n\n\n<p class=\"has-drop-cap wp-block-paragraph\">El Congreso de Brasil aprob\u00f3 este mi\u00e9rcoles una ley para impulsar la explotaci\u00f3n de minerales cr\u00edticos y tierras raras, una medida promovida por el presidente Luiz In\u00e1cio Lula da Silva en medio de las presiones econ\u00f3micas y comerciales de Estados Unidos.<br><\/p>\n\n\n\n<p class=\"wp-block-paragraph\">La iniciativa fue avalada de manera simb\u00f3lica por el Senado, despu\u00e9s de haber sido aprobada por la C\u00e1mara de Diputados, lo que representa una victoria legislativa para Lula a poco m\u00e1s de un mes de la primera vuelta de las elecciones presidenciales.<br><\/p>\n\n\n\n<p class=\"wp-block-paragraph\">La nueva legislaci\u00f3n contempla incentivos fiscales de hasta 5 mil millones de reales, equivalentes a unos 980 millones de d\u00f3lares, durante un periodo de cinco a\u00f1os para empresas que inviertan en la exploraci\u00f3n y producci\u00f3n de estos recursos.<br><\/p>\n\n\n\n<p class=\"wp-block-paragraph\">Tambi\u00e9n establece la creaci\u00f3n de un consejo gubernamental encargado de regular el sector, con facultades para vetar cambios de control en compa\u00f1\u00edas mineras, adem\u00e1s de un registro obligatorio para los proyectos. La Agencia Nacional de Miner\u00eda deber\u00e1 priorizar las concesiones de \u00e1reas con potencial para producir estos materiales.<br><\/p>\n\n\n\n<p class=\"wp-block-paragraph\">Lula ha presentado la medida como parte de su estrategia para fortalecer la soberan\u00eda econ\u00f3mica de Brasil y evitar que sus recursos naturales sean exportados \u00fanicamente como materias primas. \u201cEstamos creando las condiciones para que seamos capaces de dominar el ciclo completo de extracci\u00f3n, producci\u00f3n, manufactura y exportaci\u00f3n\u201d, afirm\u00f3 el mandatario.<br><\/p>\n\n\n\n<p class=\"wp-block-paragraph\">Brasil posee importantes reservas de minerales esenciales para la transici\u00f3n energ\u00e9tica y utilizados en sectores como la fabricaci\u00f3n de bater\u00edas para veh\u00edculos el\u00e9ctricos, turbinas e\u00f3licas y tecnolog\u00eda avanzada. Con la nueva ley, el gobierno busca aumentar el valor agregado de estos recursos y fortalecer la posici\u00f3n del pa\u00eds en un mercado estrat\u00e9gico a nivel mundial.<\/p>\n","protected":false},"excerpt":{"rendered":"<p>El Congreso aprob\u00f3 una nueva ley para impulsar la extracci\u00f3n de minerales cr\u00edticos y tierras raras, con incentivos millonarios y mayor control estatal del sector. El Congreso de Brasil aprob\u00f3 este mi\u00e9rcoles una ley para impulsar la explotaci\u00f3n de minerales cr\u00edticos y tierras raras, una medida promovida por el presidente Luiz In\u00e1cio Lula da Silva [&hellip;]<\/p>\n","protected":false},"author":1,"featured_media":89412,"comment_status":"closed","ping_status":"closed","sticky":false,"template":"","format":"standard","meta":{"footnotes":""},"categories":[80],"tags":[],"class_list":["post-89408","post","type-post","status-publish","format-standard","has-post-thumbnail","hentry","category-mundo"],"_links":{"self":[{"href":"https:\/\/themexicopost.com\/index.php?rest_route=\/wp\/v2\/posts\/89408","targetHints":{"allow":["GET"]}}],"collection":[{"href":"https:\/\/themexicopost.com\/index.php?rest_route=\/wp\/v2\/posts"}],"about":[{"href":"https:\/\/themexicopost.com\/index.php?rest_route=\/wp\/v2\/types\/post"}],"author":[{"embeddable":true,"href":"https:\/\/themexicopost.com\/index.php?rest_route=\/wp\/v2\/users\/1"}],"replies":[{"embeddable":true,"href":"https:\/\/themexicopost.com\/index.php?rest_route=%2Fwp%2Fv2%2Fcomments&post=89408"}],"version-history":[{"count":1,"href":"https:\/\/themexicopost.com\/index.php?rest_route=\/wp\/v2\/posts\/89408\/revisions"}],"predecessor-version":[{"id":89413,"href":"https:\/\/themexicopost.com\/index.php?rest_route=\/wp\/v2\/posts\/89408\/revisions\/89413"}],"wp:featuredmedia":[{"embeddable":true,"href":"https:\/\/themexicopost.com\/index.php?rest_route=\/wp\/v2\/media\/89412"}],"wp:attachment":[{"href":"https:\/\/themexicopost.com\/index.php?rest_route=%2Fwp%2Fv2%2Fmedia&parent=89408"}],"wp:term":[{"taxonomy":"category","embeddable":true,"href":"https:\/\/themexicopost.com\/index.php?rest_route=%2Fwp%2Fv2%2Fcategories&post=89408"},{"taxonomy":"post_tag","embeddable":true,"href":"https:\/\/themexicopost.com\/index.php?rest_route=%2Fwp%2Fv2%2Ftags&post=89408"}],"curies":[{"name":"wp","href":"https:\/\/api.w.org\/{rel}","templated":true}]}}