{"id":89411,"date":"2026-09-03T07:27:50","date_gmt":"2026-09-03T13:27:50","guid":{"rendered":"https:\/\/themexicopost.com\/?p=89411"},"modified":"2026-09-03T07:27:53","modified_gmt":"2026-09-03T13:27:53","slug":"venezuela-sigue-sin-fecha-para-elecciones-delcy-rodriguez","status":"publish","type":"post","link":"https:\/\/themexicopost.com\/?p=89411","title":{"rendered":"Venezuela sigue sin fecha para elecciones: Delcy Rodr\u00edguez"},"content":{"rendered":"\n<figure class=\"wp-block-pullquote\"><blockquote><p>La mandataria interina asegur\u00f3 que habr\u00e1 comicios cuando el pa\u00eds \u201cest\u00e9 preparado\u201d, mientras Washington mantiene su postura de que a\u00fan no existen condiciones para votar.<\/p><\/blockquote><\/figure>\n\n\n\n<p class=\"has-drop-cap wp-block-paragraph\">La encargada del r\u00e9gimen chavista, Delcy Rodr\u00edguez, asegur\u00f3 que Venezuela tendr\u00e1 elecciones, pero evit\u00f3 establecer una fecha concreta y afirm\u00f3 que los comicios se realizar\u00e1n cuando el pa\u00eds \u201cest\u00e9 preparado\u201d, en medio de las presiones de Estados Unidos para avanzar hacia una transici\u00f3n pol\u00edtica.<br><\/p>\n\n\n\n<p class=\"wp-block-paragraph\">\u201cHabr\u00e1 proceso electoral, pero en las condiciones en que Venezuela est\u00e9 preparada\u201d, declar\u00f3 Rodr\u00edguez, quien sostuvo que el pa\u00eds cuenta con una Constituci\u00f3n y un sistema electoral que establecen los mecanismos para organizar las elecciones.<br><\/p>\n\n\n\n<p class=\"wp-block-paragraph\">Sus declaraciones se producen mientras sectores de la oposici\u00f3n venezolana participan en negociaciones auspiciadas por Washington, con miras a una eventual transici\u00f3n democr\u00e1tica. El di\u00e1logo comenz\u00f3 en agosto y tendr\u00e1 una nueva ronda en los pr\u00f3ximos d\u00edas.<br><\/p>\n\n\n\n<p class=\"wp-block-paragraph\">Por su parte, el presidente estadounidense Donald Trump respald\u00f3 el desempe\u00f1o de Rodr\u00edguez, pero coincidi\u00f3 en que Venezuela todav\u00eda no estar\u00eda preparada para celebrar elecciones. \u201cSimplemente no creo que est\u00e9n listos todav\u00eda\u201d, afirm\u00f3 el mandatario, al se\u00f1alar que la situaci\u00f3n pol\u00edtica del pa\u00eds es todav\u00eda reciente tras la salida de Nicol\u00e1s Maduro.<br><\/p>\n\n\n\n<p class=\"wp-block-paragraph\">La falta de una convocatoria electoral tambi\u00e9n ha generado cuestionamientos dentro de Venezuela. La Constituci\u00f3n establece que, ante la ausencia del presidente, el vicepresidente puede asumir temporalmente el poder por un periodo m\u00e1ximo de 180 d\u00edas, plazo que ya habr\u00eda vencido.<br><\/p>\n\n\n\n<p class=\"wp-block-paragraph\">Mientras contin\u00faa la incertidumbre pol\u00edtica, distintos sectores venezolanos exigen una convocatoria a las urnas y esperan el eventual regreso de la l\u00edder opositora Mar\u00eda Corina Machado, quien permanece exiliada en Panam\u00e1 y ha expresado su intenci\u00f3n de volver a Venezuela.<\/p>\n","protected":false},"excerpt":{"rendered":"<p>La mandataria interina asegur\u00f3 que habr\u00e1 comicios cuando el pa\u00eds \u201cest\u00e9 preparado\u201d, mientras Washington mantiene su postura de que a\u00fan no existen condiciones para votar. La encargada del r\u00e9gimen chavista, Delcy Rodr\u00edguez, asegur\u00f3 que Venezuela tendr\u00e1 elecciones, pero evit\u00f3 establecer una fecha concreta y afirm\u00f3 que los comicios se realizar\u00e1n cuando el pa\u00eds \u201cest\u00e9 preparado\u201d, [&hellip;]<\/p>\n","protected":false},"author":1,"featured_media":89415,"comment_status":"closed","ping_status":"closed","sticky":false,"template":"","format":"standard","meta":{"footnotes":""},"categories":[83,80],"tags":[],"class_list":["post-89411","post","type-post","status-publish","format-standard","has-post-thumbnail","hentry","category-destacado","category-mundo"],"_links":{"self":[{"href":"https:\/\/themexicopost.com\/index.php?rest_route=\/wp\/v2\/posts\/89411","targetHints":{"allow":["GET"]}}],"collection":[{"href":"https:\/\/themexicopost.com\/index.php?rest_route=\/wp\/v2\/posts"}],"about":[{"href":"https:\/\/themexicopost.com\/index.php?rest_route=\/wp\/v2\/types\/post"}],"author":[{"embeddable":true,"href":"https:\/\/themexicopost.com\/index.php?rest_route=\/wp\/v2\/users\/1"}],"replies":[{"embeddable":true,"href":"https:\/\/themexicopost.com\/index.php?rest_route=%2Fwp%2Fv2%2Fcomments&post=89411"}],"version-history":[{"count":1,"href":"https:\/\/themexicopost.com\/index.php?rest_route=\/wp\/v2\/posts\/89411\/revisions"}],"predecessor-version":[{"id":89416,"href":"https:\/\/themexicopost.com\/index.php?rest_route=\/wp\/v2\/posts\/89411\/revisions\/89416"}],"wp:featuredmedia":[{"embeddable":true,"href":"https:\/\/themexicopost.com\/index.php?rest_route=\/wp\/v2\/media\/89415"}],"wp:attachment":[{"href":"https:\/\/themexicopost.com\/index.php?rest_route=%2Fwp%2Fv2%2Fmedia&parent=89411"}],"wp:term":[{"taxonomy":"category","embeddable":true,"href":"https:\/\/themexicopost.com\/index.php?rest_route=%2Fwp%2Fv2%2Fcategories&post=89411"},{"taxonomy":"post_tag","embeddable":true,"href":"https:\/\/themexicopost.com\/index.php?rest_route=%2Fwp%2Fv2%2Ftags&post=89411"}],"curies":[{"name":"wp","href":"https:\/\/api.w.org\/{rel}","templated":true}]}}