{"id":89417,"date":"2026-09-03T07:29:41","date_gmt":"2026-09-03T13:29:41","guid":{"rendered":"https:\/\/themexicopost.com\/?p=89417"},"modified":"2026-09-03T07:29:45","modified_gmt":"2026-09-03T13:29:45","slug":"tiroteo-sacude-mineapolis-tres-muertos-y-seis-heridos-entre-ellos-policias","status":"publish","type":"post","link":"https:\/\/themexicopost.com\/?p=89417","title":{"rendered":"Tiroteo sacude Mine\u00e1polis: tres muertos y seis heridos, entre ellos polic\u00edas"},"content":{"rendered":"\n<figure class=\"wp-block-pullquote\"><blockquote><p>El atacante muri\u00f3 tras la balacera registrada dentro de un edificio de apartamentos; dos de los agentes heridos recibieron impactos de bala.<\/p><\/blockquote><\/figure>\n\n\n\n<p class=\"has-drop-cap wp-block-paragraph\">Una balacera registrada en un edificio de apartamentos del centro de Mine\u00e1polis, Minnesota, dej\u00f3 tres personas muertas y seis heridas, entre ellas tres polic\u00edas, informaron autoridades locales.<br><\/p>\n\n\n\n<p class=\"wp-block-paragraph\">Los agentes acudieron al inmueble ubicado en la calle Grant poco despu\u00e9s de las 16:30 horas, tras recibir reportes sobre disparos. Al ingresar, encontraron v\u00edctimas y escucharon nuevas detonaciones, por lo que avanzaron hacia el departamento donde se desarrollaba el ataque.<br><\/p>\n\n\n\n<p class=\"wp-block-paragraph\">De acuerdo con la Polic\u00eda, una especie de bruma dentro del inmueble dificult\u00f3 la visibilidad de los agentes. Tres polic\u00edas resultaron heridos, dos de ellos por impactos de bala. El presunto atacante tambi\u00e9n muri\u00f3, aunque las autoridades a\u00fan investigan las circunstancias de su fallecimiento.<br><\/p>\n\n\n\n<p class=\"wp-block-paragraph\">Adem\u00e1s de los agentes, tres civiles fueron trasladados a hospitales por heridas de bala. Uno de los polic\u00edas tuvo que ser sometido a cirug\u00eda, mientras que los otros dos presentaban lesiones que no pon\u00edan en riesgo su vida.<br><\/p>\n\n\n\n<p class=\"wp-block-paragraph\">El tiroteo provoc\u00f3 un amplio despliegue de corporaciones locales, estatales y federales, mientras la zona permaneci\u00f3 acordonada durante buena parte de la tarde.<br><\/p>\n\n\n\n<p class=\"wp-block-paragraph\">Las autoridades contin\u00faan investigando el motivo del ataque y las circunstancias en las que ocurri\u00f3 la balacera, mientras funcionarios de Minnesota expresaron su solidaridad con las v\u00edctimas y reconocieron la intervenci\u00f3n de los agentes.<\/p>\n","protected":false},"excerpt":{"rendered":"<p>El atacante muri\u00f3 tras la balacera registrada dentro de un edificio de apartamentos; dos de los agentes heridos recibieron impactos de bala. Una balacera registrada en un edificio de apartamentos del centro de Mine\u00e1polis, Minnesota, dej\u00f3 tres personas muertas y seis heridas, entre ellas tres polic\u00edas, informaron autoridades locales. Los agentes acudieron al inmueble ubicado [&hellip;]<\/p>\n","protected":false},"author":1,"featured_media":89421,"comment_status":"closed","ping_status":"closed","sticky":false,"template":"","format":"standard","meta":{"footnotes":""},"categories":[83,80,85],"tags":[],"class_list":["post-89417","post","type-post","status-publish","format-standard","has-post-thumbnail","hentry","category-destacado","category-mundo","category-portada"],"_links":{"self":[{"href":"https:\/\/themexicopost.com\/index.php?rest_route=\/wp\/v2\/posts\/89417","targetHints":{"allow":["GET"]}}],"collection":[{"href":"https:\/\/themexicopost.com\/index.php?rest_route=\/wp\/v2\/posts"}],"about":[{"href":"https:\/\/themexicopost.com\/index.php?rest_route=\/wp\/v2\/types\/post"}],"author":[{"embeddable":true,"href":"https:\/\/themexicopost.com\/index.php?rest_route=\/wp\/v2\/users\/1"}],"replies":[{"embeddable":true,"href":"https:\/\/themexicopost.com\/index.php?rest_route=%2Fwp%2Fv2%2Fcomments&post=89417"}],"version-history":[{"count":1,"href":"https:\/\/themexicopost.com\/index.php?rest_route=\/wp\/v2\/posts\/89417\/revisions"}],"predecessor-version":[{"id":89422,"href":"https:\/\/themexicopost.com\/index.php?rest_route=\/wp\/v2\/posts\/89417\/revisions\/89422"}],"wp:featuredmedia":[{"embeddable":true,"href":"https:\/\/themexicopost.com\/index.php?rest_route=\/wp\/v2\/media\/89421"}],"wp:attachment":[{"href":"https:\/\/themexicopost.com\/index.php?rest_route=%2Fwp%2Fv2%2Fmedia&parent=89417"}],"wp:term":[{"taxonomy":"category","embeddable":true,"href":"https:\/\/themexicopost.com\/index.php?rest_route=%2Fwp%2Fv2%2Fcategories&post=89417"},{"taxonomy":"post_tag","embeddable":true,"href":"https:\/\/themexicopost.com\/index.php?rest_route=%2Fwp%2Fv2%2Ftags&post=89417"}],"curies":[{"name":"wp","href":"https:\/\/api.w.org\/{rel}","templated":true}]}}