{"id":89423,"date":"2026-09-03T07:31:46","date_gmt":"2026-09-03T13:31:46","guid":{"rendered":"https:\/\/themexicopost.com\/?p=89423"},"modified":"2026-09-03T07:31:49","modified_gmt":"2026-09-03T13:31:49","slug":"reportan-grave-a-raul-castro-tras-sufrir-un-accidente-cerebrovascular","status":"publish","type":"post","link":"https:\/\/themexicopost.com\/?p=89423","title":{"rendered":"Reportan grave a Ra\u00fal Castro tras sufrir un accidente cerebrovascular"},"content":{"rendered":"\n<figure class=\"wp-block-pullquote\"><blockquote><p>Medios internacionales se\u00f1alan que el expresidente cubano, de 95 a\u00f1os, atraviesa un delicado estado de salud, aunque no existe hasta el momento una confirmaci\u00f3n oficial.<\/p><\/blockquote><\/figure>\n\n\n\n<p class=\"has-drop-cap wp-block-paragraph\">El expresidente y general de Ej\u00e9rcito cubano, Ra\u00fal Castro, se encontrar\u00eda en estado grave de salud tras haber sufrido presuntamente un accidente cerebrovascular (ACV), de acuerdo con algunos medios. El reporte se\u00f1ala que el dirigente de 95 a\u00f1os estar\u00eda recibiendo asistencia m\u00e9dica para mantenerlo con vida.<br><\/p>\n\n\n\n<p class=\"wp-block-paragraph\">La versi\u00f3n, atribuida a una fuente confidencial en La Habana, provoc\u00f3 una nueva ola de especulaciones despu\u00e9s de que en d\u00edas recientes circularan en redes sociales rumores sobre el supuesto fallecimiento de Castro. Sin embargo, los reportes period\u00edsticos consultados se\u00f1alan que hasta el momento no existe confirmaci\u00f3n de su muerte.<br><\/p>\n\n\n\n<p class=\"wp-block-paragraph\">Seg\u00fan la informaci\u00f3n difundida, el presunto ACV habr\u00eda ocurrido d\u00edas atr\u00e1s y su estado se habr\u00eda deteriorado durante las \u00faltimas horas. La informaci\u00f3n provino de una fuente considerada confiable por el medio; no obstante, el diagn\u00f3stico y la condici\u00f3n m\u00e9dica de Castro no han sido corroborados mediante un parte oficial.<br><\/p>\n\n\n\n<p class=\"wp-block-paragraph\">El hermetismo de las autoridades cubanas mantiene abierta la incertidumbre. Hasta ahora, el Gobierno de La Habana y los principales medios oficiales de la isla no han emitido un comunicado que confirme o desmienta el reporte sobre la salud del exmandatario.<br><\/p>\n\n\n\n<p class=\"wp-block-paragraph\">Castro fue visto p\u00fablicamente por \u00faltima vez el 13 de agosto, durante una ceremonia celebrada en La Habana con motivo del centenario del nacimiento de su hermano, Fidel Castro. Pese a haber dejado la Presidencia en 2018, Ra\u00fal Castro contin\u00faa siendo una figura de gran peso pol\u00edtico dentro de Cuba y, de acuerdo con reportes recientes, mantiene influencia en decisiones relevantes del pa\u00eds.<br><\/p>\n\n\n\n<p class=\"wp-block-paragraph\">La situaci\u00f3n ocurre adem\u00e1s en un momento particularmente delicado para la isla, marcada por una profunda crisis econ\u00f3mica, problemas en el suministro el\u00e9ctrico y dificultades sociales. Por ello, cualquier cambio en la condici\u00f3n de salud de Castro podr\u00eda tener repercusiones pol\u00edticas, debido al papel que todav\u00eda desempe\u00f1a dentro de la estructura de poder cubana.<\/p>\n","protected":false},"excerpt":{"rendered":"<p>Medios internacionales se\u00f1alan que el expresidente cubano, de 95 a\u00f1os, atraviesa un delicado estado de salud, aunque no existe hasta el momento una confirmaci\u00f3n oficial. El expresidente y general de Ej\u00e9rcito cubano, Ra\u00fal Castro, se encontrar\u00eda en estado grave de salud tras haber sufrido presuntamente un accidente cerebrovascular (ACV), de acuerdo con algunos medios. El [&hellip;]<\/p>\n","protected":false},"author":1,"featured_media":89426,"comment_status":"closed","ping_status":"closed","sticky":false,"template":"","format":"standard","meta":{"footnotes":""},"categories":[83,80,85],"tags":[],"class_list":["post-89423","post","type-post","status-publish","format-standard","has-post-thumbnail","hentry","category-destacado","category-mundo","category-portada"],"_links":{"self":[{"href":"https:\/\/themexicopost.com\/index.php?rest_route=\/wp\/v2\/posts\/89423","targetHints":{"allow":["GET"]}}],"collection":[{"href":"https:\/\/themexicopost.com\/index.php?rest_route=\/wp\/v2\/posts"}],"about":[{"href":"https:\/\/themexicopost.com\/index.php?rest_route=\/wp\/v2\/types\/post"}],"author":[{"embeddable":true,"href":"https:\/\/themexicopost.com\/index.php?rest_route=\/wp\/v2\/users\/1"}],"replies":[{"embeddable":true,"href":"https:\/\/themexicopost.com\/index.php?rest_route=%2Fwp%2Fv2%2Fcomments&post=89423"}],"version-history":[{"count":1,"href":"https:\/\/themexicopost.com\/index.php?rest_route=\/wp\/v2\/posts\/89423\/revisions"}],"predecessor-version":[{"id":89427,"href":"https:\/\/themexicopost.com\/index.php?rest_route=\/wp\/v2\/posts\/89423\/revisions\/89427"}],"wp:featuredmedia":[{"embeddable":true,"href":"https:\/\/themexicopost.com\/index.php?rest_route=\/wp\/v2\/media\/89426"}],"wp:attachment":[{"href":"https:\/\/themexicopost.com\/index.php?rest_route=%2Fwp%2Fv2%2Fmedia&parent=89423"}],"wp:term":[{"taxonomy":"category","embeddable":true,"href":"https:\/\/themexicopost.com\/index.php?rest_route=%2Fwp%2Fv2%2Fcategories&post=89423"},{"taxonomy":"post_tag","embeddable":true,"href":"https:\/\/themexicopost.com\/index.php?rest_route=%2Fwp%2Fv2%2Ftags&post=89423"}],"curies":[{"name":"wp","href":"https:\/\/api.w.org\/{rel}","templated":true}]}}