{"id":89428,"date":"2026-09-03T07:33:18","date_gmt":"2026-09-03T13:33:18","guid":{"rendered":"https:\/\/themexicopost.com\/?p=89428"},"modified":"2026-09-03T07:33:21","modified_gmt":"2026-09-03T13:33:21","slug":"mexico-busca-frenar-golpe-de-aranceles-de-eua-a-autos-acero-y-aluminio-ebrard","status":"publish","type":"post","link":"https:\/\/themexicopost.com\/?p=89428","title":{"rendered":"M\u00c9XICO BUSCA FRENAR GOLPE DE ARANCELES DE EUA A AUTOS, ACERO Y ALUMINIO: EBRARD"},"content":{"rendered":"\n<figure class=\"wp-block-pullquote\"><blockquote><p>Marcelo Ebrard se reuni\u00f3 con el secretario de Comercio estadounidense, Howard Lutnick, mientras avanzan las negociaciones para revisar el T-MEC.<\/p><\/blockquote><\/figure>\n\n\n\n<p class=\"has-drop-cap wp-block-paragraph\">M\u00e9xico intensific\u00f3 sus negociaciones con Estados Unidos para reducir el impacto de los aranceles que Washington mantiene sobre sectores estrat\u00e9gicos como el automotriz, el acero y el aluminio.<br><\/p>\n\n\n\n<p class=\"wp-block-paragraph\">El secretario de Econom\u00eda, Marcelo Ebrard, sostuvo una reuni\u00f3n bilateral con el secretario de Comercio estadounidense, Howard Lutnick, en Chapel Hill, Carolina del Norte, donde ambos participaron en actividades ministeriales del G20 relacionadas con innovaci\u00f3n tecnol\u00f3gica.<br><\/p>\n\n\n\n<p class=\"wp-block-paragraph\">El encuentro se produjo en un momento relevante para la relaci\u00f3n econ\u00f3mica entre ambos pa\u00edses, debido a las conversaciones que mantienen M\u00e9xico y Estados Unidos en torno a la pr\u00f3xima revisi\u00f3n del Tratado entre M\u00e9xico, Estados Unidos y Canad\u00e1 (T-MEC).<br><\/p>\n\n\n\n<p class=\"wp-block-paragraph\">Durante la reuni\u00f3n se abordaron temas relacionados con el comercio bilateral, la innovaci\u00f3n y la integraci\u00f3n econ\u00f3mica de Am\u00e9rica del Norte. Para M\u00e9xico, uno de los principales objetivos es encontrar alternativas que permitan disminuir los efectos de los grav\u00e1menes estadounidenses sobre las industrias automotriz y sider\u00fargica.<br><\/p>\n\n\n\n<figure class=\"wp-block-image size-large\"><img fetchpriority=\"high\" decoding=\"async\" width=\"1024\" height=\"684\" src=\"https:\/\/themexicopost.com\/wp-content\/uploads\/2026\/09\/MEXICO-3-1024x684.jpg\" alt=\"\" class=\"wp-image-89430\" srcset=\"https:\/\/themexicopost.com\/wp-content\/uploads\/2026\/09\/MEXICO-3-1024x684.jpg 1024w, https:\/\/themexicopost.com\/wp-content\/uploads\/2026\/09\/MEXICO-3-300x201.jpg 300w, https:\/\/themexicopost.com\/wp-content\/uploads\/2026\/09\/MEXICO-3-768x513.jpg 768w, https:\/\/themexicopost.com\/wp-content\/uploads\/2026\/09\/MEXICO-3.jpg 1200w\" sizes=\"(max-width: 1024px) 100vw, 1024px\" \/><\/figure>\n\n\n\n<p class=\"wp-block-paragraph\">El Gobierno mexicano ha considerado injustificados los aranceles al acero y al aluminio y ha manifestado su preocupaci\u00f3n por las medidas que afectan al sector automotriz, debido al alto nivel de integraci\u00f3n que existe entre las cadenas productivas de M\u00e9xico, Estados Unidos y Canad\u00e1.<br><\/p>\n\n\n\n<p class=\"wp-block-paragraph\">La imposici\u00f3n de nuevos costos podr\u00eda repercutir en fabricantes y proveedores de los tres pa\u00edses, debido al intercambio constante de componentes, materias primas y productos intermedios que caracteriza a la industria regional.<br><\/p>\n\n\n\n<p class=\"wp-block-paragraph\">La presidenta Claudia Sheinbaum Pardo confirm\u00f3 que Ebrard se encontraba en territorio estadounidense con el objetivo de avanzar en acuerdos relacionados con los aranceles.<br><\/p>\n\n\n\n<p class=\"wp-block-paragraph\">Hasta el momento, el encuentro entre ambos funcionarios no deriv\u00f3 en un acuerdo definitivo, por lo que las negociaciones continuar\u00e1n en los pr\u00f3ximos d\u00edas. El di\u00e1logo ser\u00e1 especialmente relevante de cara a la revisi\u00f3n del T-MEC, en la que M\u00e9xico buscar\u00e1 preservar la integraci\u00f3n comercial de Am\u00e9rica del Norte y proteger sectores fundamentales de su econom\u00eda.<\/p>\n","protected":false},"excerpt":{"rendered":"<p>Marcelo Ebrard se reuni\u00f3 con el secretario de Comercio estadounidense, Howard Lutnick, mientras avanzan las negociaciones para revisar el T-MEC.<\/p>\n","protected":false},"author":1,"featured_media":89429,"comment_status":"closed","ping_status":"closed","sticky":false,"template":"","format":"standard","meta":{"footnotes":""},"categories":[83,80,81,85],"tags":[],"class_list":["post-89428","post","type-post","status-publish","format-standard","has-post-thumbnail","hentry","category-destacado","category-mundo","category-nacional","category-portada"],"_links":{"self":[{"href":"https:\/\/themexicopost.com\/index.php?rest_route=\/wp\/v2\/posts\/89428","targetHints":{"allow":["GET"]}}],"collection":[{"href":"https:\/\/themexicopost.com\/index.php?rest_route=\/wp\/v2\/posts"}],"about":[{"href":"https:\/\/themexicopost.com\/index.php?rest_route=\/wp\/v2\/types\/post"}],"author":[{"embeddable":true,"href":"https:\/\/themexicopost.com\/index.php?rest_route=\/wp\/v2\/users\/1"}],"replies":[{"embeddable":true,"href":"https:\/\/themexicopost.com\/index.php?rest_route=%2Fwp%2Fv2%2Fcomments&post=89428"}],"version-history":[{"count":1,"href":"https:\/\/themexicopost.com\/index.php?rest_route=\/wp\/v2\/posts\/89428\/revisions"}],"predecessor-version":[{"id":89431,"href":"https:\/\/themexicopost.com\/index.php?rest_route=\/wp\/v2\/posts\/89428\/revisions\/89431"}],"wp:featuredmedia":[{"embeddable":true,"href":"https:\/\/themexicopost.com\/index.php?rest_route=\/wp\/v2\/media\/89429"}],"wp:attachment":[{"href":"https:\/\/themexicopost.com\/index.php?rest_route=%2Fwp%2Fv2%2Fmedia&parent=89428"}],"wp:term":[{"taxonomy":"category","embeddable":true,"href":"https:\/\/themexicopost.com\/index.php?rest_route=%2Fwp%2Fv2%2Fcategories&post=89428"},{"taxonomy":"post_tag","embeddable":true,"href":"https:\/\/themexicopost.com\/index.php?rest_route=%2Fwp%2Fv2%2Ftags&post=89428"}],"curies":[{"name":"wp","href":"https:\/\/api.w.org\/{rel}","templated":true}]}}